{"id":132439,"date":"2026-01-11T15:58:17","date_gmt":"2026-01-11T15:58:17","guid":{"rendered":"https:\/\/www.europesays.com\/se\/132439\/"},"modified":"2026-01-11T15:58:17","modified_gmt":"2026-01-11T15:58:17","slug":"bp-nara-gora-klart-med-nicolas-stefanelli","status":"publish","type":"post","link":"https:\/\/www.europesays.com\/se\/132439\/","title":{"rendered":"BP n\u00e4ra g\u00f6ra klart med Nicolas Stefanelli"},"content":{"rendered":"<p>Publicerad 11 jan 2026 kl 13.23<\/p>\n<p>H\u00e4r kommer n\u00e4sta v\u00e4rvningsbomb fr\u00e5n BP.<\/p>\n<p>Expressen kan avsl\u00f6ja att klubben \u00e4r n\u00e4ra att v\u00e4rva Nicolas Stefanelli.<\/p>\n<p>Parterna f\u00f6rhandlar om det sista och en \u00f6verg\u00e5ng kan bli klar i n\u00e4rtid.<\/p>\n<p><img   alt=\"\"\/><\/p>\n<p>Nicolas Stefanelli \u00e4r starkt f\u00f6rknippad med AIK efter sina s\u00e4songer d\u00e4r.<\/p>\n<p>Foto: JOHANNA WALLEN \/ BILDBYR\u00c5N<\/p>\n<p>\u00d6ppna bild i helsk\u00e4rm<\/p>\n<p><a href=\"https:\/\/www.expressen.se\/tagg\/organization\/bp\/\" class=\"\" rel=\"nofollow noopener\" target=\"_blank\">BP<\/a> \u00e4r i f\u00e4rd med att landa ytterligare en blytung v\u00e4rvning. F\u00f6r n\u00e5gra veckor sedan v\u00e4rvade Stockholmsklubben Oliver Berg fr\u00e5n Malm\u00f6 FF och nu \u00e4r n\u00e4sta man p\u00e5 v\u00e4g in till bygget.<\/p>\n<p>Det handlar om ett v\u00e4lk\u00e4nt ansikte f\u00f6r den allsvenska publiken. Expressen kan n\u00e4mligen avsl\u00f6ja att BP \u00e4r n\u00e4ra att v\u00e4rva den tidigare AIK-publikfavoriten Nicolas Stefanelli.<\/p>\n<p>N\u00e4ra profilv\u00e4rvning<\/p>\n<p>Parterna f\u00f6rhandlar om det sista och faller allt p\u00e5 plats s\u00e5 kan en \u00f6verg\u00e5ng bli helt klart under de n\u00e4rmaste dagarna. Stefanelli ansluter i s\u00e5 fall fr\u00e5n Defensa y Justicia i Argentina.<\/p>\n<p>Stefanelli har gjort 40 m\u00e5l p\u00e5 114 matcher f\u00f6r AIK. Han l\u00e4mnade klubben s\u00e5 sent som 2023 f\u00f6r spel i Inter Miami FC i MLS, innan han l\u00e4mnade f\u00f6r Videoton i Ungern.<\/p>\n<p>Sedan i somras har han tillh\u00f6rt Defebsa y Justicia i Argentina, men \u00e4r nu oerh\u00f6rt n\u00e4ra en flytt hem till Stockholm och BP.<\/p>\n","protected":false},"excerpt":{"rendered":"Publicerad 11 jan 2026 kl 13.23 H\u00e4r kommer n\u00e4sta v\u00e4rvningsbomb fr\u00e5n BP. Expressen kan avsl\u00f6ja att klubben \u00e4r&hellip;\n","protected":false},"author":2,"featured_media":132440,"comment_status":"","ping_status":"","sticky":false,"template":"","format":"standard","meta":{"footnotes":""},"categories":[5],"tags":[22,23,26,27,17,21,24,25,28,29,15,16,131,441,18,34,130,129,31,33,32,30,19,20],"class_list":{"0":"post-132439","1":"post","2":"type-post","3":"status-publish","4":"format-standard","5":"has-post-thumbnail","7":"category-rubriker","8":"tag-breaking-news","9":"tag-breakingnews","10":"tag-featured-news","11":"tag-featurednews","12":"tag-headlines","13":"tag-huvudnyheter","14":"tag-latest-news","15":"tag-latestnews","16":"tag-main-news","17":"tag-mainnews","18":"tag-news","19":"tag-nyheter","20":"tag-organization-aik-fotboll","21":"tag-organization-bp","22":"tag-rubriker","23":"tag-se","24":"tag-sections-allsvenskan","25":"tag-sections-fotboll","26":"tag-svenska","27":"tag-sverige","28":"tag-sweden","29":"tag-swedish","30":"tag-top-stories","31":"tag-topstories"},"share_on_mastodon":{"url":"https:\/\/pubeurope.com\/@se\/115877295070192463","error":""},"_links":{"self":[{"href":"https:\/\/www.europesays.com\/se\/wp-json\/wp\/v2\/posts\/132439","targetHints":{"allow":["GET"]}}],"collection":[{"href":"https:\/\/www.europesays.com\/se\/wp-json\/wp\/v2\/posts"}],"about":[{"href":"https:\/\/www.europesays.com\/se\/wp-json\/wp\/v2\/types\/post"}],"author":[{"embeddable":true,"href":"https:\/\/www.europesays.com\/se\/wp-json\/wp\/v2\/users\/2"}],"replies":[{"embeddable":true,"href":"https:\/\/www.europesays.com\/se\/wp-json\/wp\/v2\/comments?post=132439"}],"version-history":[{"count":0,"href":"https:\/\/www.europesays.com\/se\/wp-json\/wp\/v2\/posts\/132439\/revisions"}],"wp:featuredmedia":[{"embeddable":true,"href":"https:\/\/www.europesays.com\/se\/wp-json\/wp\/v2\/media\/132440"}],"wp:attachment":[{"href":"https:\/\/www.europesays.com\/se\/wp-json\/wp\/v2\/media?parent=132439"}],"wp:term":[{"taxonomy":"category","embeddable":true,"href":"https:\/\/www.europesays.com\/se\/wp-json\/wp\/v2\/categories?post=132439"},{"taxonomy":"post_tag","embeddable":true,"href":"https:\/\/www.europesays.com\/se\/wp-json\/wp\/v2\/tags?post=132439"}],"curies":[{"name":"wp","href":"https:\/\/api.w.org\/{rel}","templated":true}]}}