{"id":132443,"date":"2026-01-11T16:05:18","date_gmt":"2026-01-11T16:05:18","guid":{"rendered":"https:\/\/www.europesays.com\/se\/132443\/"},"modified":"2026-01-11T16:05:18","modified_gmt":"2026-01-11T16:05:18","slug":"vattnet-avstangt-i-norrkoping-for-akut-arbete","status":"publish","type":"post","link":"https:\/\/www.europesays.com\/se\/132443\/","title":{"rendered":"Vattnet avst\u00e4ngt i Norrk\u00f6ping f\u00f6r akut arbete"},"content":{"rendered":"<p>Enligt Nodra uppstod samtliga l\u00e4ckor inom loppet av n\u00e5gra timmar p\u00e5 s\u00f6ndagens f\u00f6rmiddag. Orsaken till l\u00e4ckorna \u00e4r \u00e4nnu ok\u00e4nd.De adresser som ber\u00f6rs av vattenavst\u00e4ngningen \u00e4r Nitaregatan 13-25, Litiumgatan 8 och tv\u00e5 lokaler p\u00e5 Fotbollsgatan\u00a0Personal \u00e4r p\u00e5 plats och jobbar med att \u00e5tg\u00e4rda problemet.\u00a0Det saknas i nul\u00e4get prognos f\u00f6r n\u00e4r vattnet kan vara tillbaka.\u00a0\u00a0\u00a0\u00a0\u00a0\u00a0\u00a0<\/p>\n","protected":false},"excerpt":{"rendered":"Enligt Nodra uppstod samtliga l\u00e4ckor inom loppet av n\u00e5gra timmar p\u00e5 s\u00f6ndagens f\u00f6rmiddag. Orsaken till l\u00e4ckorna \u00e4r \u00e4nnu&hellip;\n","protected":false},"author":2,"featured_media":7167,"comment_status":"","ping_status":"","sticky":false,"template":"","format":"standard","meta":{"footnotes":""},"categories":[12],"tags":[22,23,26,27,17,21,24,25,28,29,15,16,18,34,31,33,32,30,19,20],"class_list":{"0":"post-132443","1":"post","2":"type-post","3":"status-publish","4":"format-standard","5":"has-post-thumbnail","7":"category-sverige","8":"tag-breaking-news","9":"tag-breakingnews","10":"tag-featured-news","11":"tag-featurednews","12":"tag-headlines","13":"tag-huvudnyheter","14":"tag-latest-news","15":"tag-latestnews","16":"tag-main-news","17":"tag-mainnews","18":"tag-news","19":"tag-nyheter","20":"tag-rubriker","21":"tag-se","22":"tag-svenska","23":"tag-sverige","24":"tag-sweden","25":"tag-swedish","26":"tag-top-stories","27":"tag-topstories"},"share_on_mastodon":{"url":"https:\/\/pubeurope.com\/@se\/115877322671873813","error":""},"_links":{"self":[{"href":"https:\/\/www.europesays.com\/se\/wp-json\/wp\/v2\/posts\/132443","targetHints":{"allow":["GET"]}}],"collection":[{"href":"https:\/\/www.europesays.com\/se\/wp-json\/wp\/v2\/posts"}],"about":[{"href":"https:\/\/www.europesays.com\/se\/wp-json\/wp\/v2\/types\/post"}],"author":[{"embeddable":true,"href":"https:\/\/www.europesays.com\/se\/wp-json\/wp\/v2\/users\/2"}],"replies":[{"embeddable":true,"href":"https:\/\/www.europesays.com\/se\/wp-json\/wp\/v2\/comments?post=132443"}],"version-history":[{"count":0,"href":"https:\/\/www.europesays.com\/se\/wp-json\/wp\/v2\/posts\/132443\/revisions"}],"wp:featuredmedia":[{"embeddable":true,"href":"https:\/\/www.europesays.com\/se\/wp-json\/wp\/v2\/media\/7167"}],"wp:attachment":[{"href":"https:\/\/www.europesays.com\/se\/wp-json\/wp\/v2\/media?parent=132443"}],"wp:term":[{"taxonomy":"category","embeddable":true,"href":"https:\/\/www.europesays.com\/se\/wp-json\/wp\/v2\/categories?post=132443"},{"taxonomy":"post_tag","embeddable":true,"href":"https:\/\/www.europesays.com\/se\/wp-json\/wp\/v2\/tags?post=132443"}],"curies":[{"name":"wp","href":"https:\/\/api.w.org\/{rel}","templated":true}]}}