{"id":132445,"date":"2026-01-11T16:08:20","date_gmt":"2026-01-11T16:08:20","guid":{"rendered":"https:\/\/www.europesays.com\/se\/132445\/"},"modified":"2026-01-11T16:08:20","modified_gmt":"2026-01-11T16:08:20","slug":"martinelli-fralste-arsenal-med-ett-hattrick-i-fa-cupen","status":"publish","type":"post","link":"https:\/\/www.europesays.com\/se\/132445\/","title":{"rendered":"Martinelli fr\u00e4lste Arsenal med ett hattrick i FA-cupen"},"content":{"rendered":"<p><a data-test-tag=\"internal-link\" href=\"https:\/\/www.aftonbladet.se\/av\/astrid-johansson\" class=\"hyperion-css-13ns1rr\" rel=\"nofollow noopener\" target=\"\" aria-label=\"Se alla artiklar av Astrid Johansson\"><img decoding=\"async\" class=\"image-asset hyperion-css-n6kkq1\" data-test-tag=\"image-asset\" src=\"https:\/\/www.europesays.com\/se\/wp-content\/uploads\/2026\/01\/1768147700_318_da9f1d35-6501-4c7a-a967-1be94e456c45.jpeg\"  alt=\"\"  loading=\"lazy\" fetchpriority=\"auto\" style=\"aspect-ratio:1900 \/ 1900\"\/><\/a><\/p>\n<p class=\"boxtextgrotesk-root_baa6 hyperion-css-1w346fg\">Uppdaterad 17.00 | Publicerad 16.53<\/p>\n<p>share-arrowDela<\/p>\n<p>unsaveSpara<\/p>\n<p>Lyssna p\u00e5 artikelnLyssna p\u00e5&#8230;<\/p>\n<p>expand-left<\/p>\n<p>helsk\u00e4rm<img decoding=\"async\" class=\"image-asset hyperion-css-u06ts1\" data-test-tag=\"image-asset\" src=\"https:\/\/www.europesays.com\/se\/wp-content\/uploads\/2026\/01\/295db72a-15db-4986-ad89-f21d070f2047.jpeg\"  alt=\"\"  loading=\"eager\" fetchpriority=\"high\" style=\"aspect-ratio:1229 \/ 682\"\/> Foto: Viaplay<\/p>\n<p class=\"hyperion-css-1shl3oz\" data-test-tag=\"lead-text\">Styrkeuppvisning av Gabriel Martinelli i FA-cupen.<\/p>\n<p class=\"hyperion-css-1shl3oz\" data-test-tag=\"lead-text\">Anfallsstj\u00e4rnan slog till med ett hattrick. <\/p>\n<p class=\"hyperion-css-1shl3oz\" data-test-tag=\"lead-text\">Samtidigt som Viktor Gy\u00f6keres v\u00e4rmde b\u00e4nken. <\/p>\n<p class=\"hyperion-css-1v9qo5x\">Trots chock\u00f6ppningen av Portsmouth kopplade Arsenal snabbt grepp i s\u00f6ndagens FA-cup-match. <\/p>\n<p class=\"hyperion-css-1v9qo5x\">Gabriel Martinelli slog till med hela tre m\u00e5l f\u00f6r att s\u00e4kra Arsenals 4\u20131-seger mot Championshipklubben. <\/p>\n<p class=\"hyperion-css-1v9qo5x\">Men det beh\u00f6vdes ocks\u00e5 ett sj\u00e4lvm\u00e5l fr\u00e5n Portsmouth f\u00f6r att fastst\u00e4lla slutsiffrorna p\u00e5 resultattavlan. <\/p>\n<p>147 dagar<\/p>\n<p class=\"hyperion-css-1v9qo5x\">Det var l\u00e4nge sen sedan sist. <\/p>\n<p class=\"hyperion-css-1v9qo5x\">147 dagar f\u00f6r att vara exakt.<\/p>\n<p class=\"hyperion-css-1v9qo5x\">Men mot Portsmouth fick den tyske stj\u00e4rnan Kai Havertz \u00e4ntra fotbollsplanen i Arsenals matchtr\u00f6ja igen. <\/p>\n<p class=\"hyperion-css-1v9qo5x\">I somras drog han p\u00e5 sig en skada i baksida l\u00e5r och <a data-test-tag=\"internal-link\" href=\"https:\/\/www.aftonbladet.se\/sportbladet\/fotboll\/a\/Eyko8o\/arsenals-kai-havertz-skadad-uppges-missa-resten-av-sasongen\" class=\"hyperion-css-15jkft9\" rel=\"nofollow noopener\" target=\"\" aria-label=\"tidigare rapporter\" theme=\"sportbladet\">tidigare rapporter<\/a> indikerade att det var s\u00e5 illa att Havertz riskerade missa resten av s\u00e4songen. S\u00e5 blev det inte. <\/p>\n<p class=\"hyperion-css-1v9qo5x\">Mot Portsmouth var han tillbaka igen, efter att ha blivit inbytt i den 69:e minuten. Med den 26-\u00e5rige anfallaren tillbaka i spel blir konkurrensen om speltid h\u00e5rdare f\u00f6r svenske <a data-test-tag=\"internal-link\" href=\"https:\/\/www.aftonbladet.se\/tagg\/viktor-gyokeres\" class=\"hyperion-css-15jkft9\" rel=\"nofollow noopener\" target=\"\" aria-label=\"Viktor Gy\u00f6keres\" theme=\"sportbladet\">Viktor Gy\u00f6keres<\/a>, som fick tillbringa hela matchen p\u00e5 b\u00e4nken. <\/p>\n<p>Br\u00e4nde straff<\/p>\n<p class=\"hyperion-css-1v9qo5x\">Noni Madueke fick \u00e5ka en liten berg-och-dalbana under cupdrabbningen. <\/p>\n<p class=\"hyperion-css-1v9qo5x\">Inf\u00f6r Portsmouths f\u00f6rsta m\u00e5l var det britten som dr\u00e4llde med bollen f\u00f6r att sedan bli rundad i f\u00f6rsvaret innan Colby Bishop kunde chocka in 1\u20130 p\u00e5 en retur. <\/p>\n<p class=\"hyperion-css-1v9qo5x\">N\u00e4r Arsenal senare fick med sig en straff var det Madueke som klev fram till punkten. F\u00f6r att bjuda p\u00e5 en straff av den l\u00e4gre kvalit\u00e9n. Han blev den f\u00f6rste Arsenalspelaren att helt missa m\u00e5l p\u00e5 en straff sedan Bukayo Saka gjorde det mot West Ham i Premier League 2023. <\/p>\n<p class=\"hyperion-css-1v9qo5x\">Tungt. <\/p>\n<p class=\"hyperion-css-1v9qo5x\">Roligare f\u00f6r Madueke var att han fick med sig dubbla assister i segern. <\/p>\n<p class=\"hyperion-css-1v9qo5x\">I och med segern kliver Arsenal vidare till fj\u00e4rde rundan i FA-cupen.<\/p>\n<p class=\"hyperion-css-1v9qo5x\">check Texten uppdateras<\/p>\n<p>H\u00e4ndelserInb\u00f6rdes m\u00f6ten5 senasteLaguppst\u00e4llning<\/p>\n<p>Domare: Tony Harrington<\/p>\n<ul class=\"eventperiod-eventList_faaa\">\n<li class=\"eventrow-eventRow_630f\">\n<p>3&#8242;<\/p>\n<\/li>\n<li class=\"eventrow-eventRow_630f\">\n<p>8&#8242;<\/p>\n<\/li>\n<li class=\"eventrow-eventRow_630f\">\n<p>25&#8242;<\/p>\n<p>N. Madueke <b>G. Martinelli\u00a0(1-2)\u00a0<\/b><\/p>\n<\/li>\n<li class=\"eventrow-eventRow_630f\">\n<p><b>F. Umeh Chibueze<\/b>\u00a0H. Blair<\/p>\n<p>40&#8242;<\/p>\n<\/li>\n<li class=\"eventrow-eventRow_630f\">\n<p>45&#8242;<\/p>\n<\/li>\n<\/ul>\n<ul class=\"eventperiod-eventList_faaa\">\n<li class=\"eventrow-eventRow_630f\">\n<p>51&#8242;<\/p>\n<p>G. Jesus <b>G. Martinelli\u00a0(1-3)\u00a0<\/b><\/p>\n<\/li>\n<li class=\"eventrow-eventRow_630f\">\n<p>55&#8242;<\/p>\n<\/li>\n<li class=\"eventrow-eventRow_630f\">\n<p><b>C. Ogilvie<\/b>\u00a0C. Shaughnessy<\/p>\n<p>62&#8242;<\/p>\n<\/li>\n<li class=\"eventrow-eventRow_630f\">\n<p>68&#8242;<\/p>\n<\/li>\n<li class=\"eventrow-eventRow_630f\">\n<p>69&#8242;<\/p>\n<\/li>\n<li class=\"eventrow-eventRow_630f\">\n<p>72&#8242;<\/p>\n<p>N. Madueke <b>G. Martinelli\u00a0(1-4)\u00a0<\/b><\/p>\n<\/li>\n<li class=\"eventrow-eventRow_630f\">\n<p>73&#8242;<\/p>\n<\/li>\n<li class=\"eventrow-eventRow_630f\">\n<p>76&#8242;<\/p>\n<\/li>\n<\/ul>\n<p><a class=\"default eventsummary-followLink_0f93 hyperion-css-1u8qly9\" href=\"https:\/\/malservice.aftonbladet.se\/match\/_\/729853\/rapport\" target=\"_blank\" rel=\"noopener noreferrer nofollow\" data-test-tag=\"external-link\">L\u00e4s mer p\u00e5 M\u00e5lservicechevron-right<\/a><\/p>\n","protected":false},"excerpt":{"rendered":"Uppdaterad 17.00 | Publicerad 16.53 share-arrowDela unsaveSpara Lyssna p\u00e5 artikelnLyssna p\u00e5&#8230; expand-left helsk\u00e4rm Foto: Viaplay Styrkeuppvisning av Gabriel&hellip;\n","protected":false},"author":2,"featured_media":132446,"comment_status":"","ping_status":"","sticky":false,"template":"","format":"standard","meta":{"footnotes":""},"categories":[68],"tags":[34,111,110,31,33,32,30],"class_list":{"0":"post-132445","1":"post","2":"type-post","3":"status-publish","4":"format-standard","5":"has-post-thumbnail","7":"category-sport","8":"tag-se","9":"tag-sport","10":"tag-sports","11":"tag-svenska","12":"tag-sverige","13":"tag-sweden","14":"tag-swedish"},"share_on_mastodon":{"url":"https:\/\/pubeurope.com\/@se\/115877334436907944","error":""},"_links":{"self":[{"href":"https:\/\/www.europesays.com\/se\/wp-json\/wp\/v2\/posts\/132445","targetHints":{"allow":["GET"]}}],"collection":[{"href":"https:\/\/www.europesays.com\/se\/wp-json\/wp\/v2\/posts"}],"about":[{"href":"https:\/\/www.europesays.com\/se\/wp-json\/wp\/v2\/types\/post"}],"author":[{"embeddable":true,"href":"https:\/\/www.europesays.com\/se\/wp-json\/wp\/v2\/users\/2"}],"replies":[{"embeddable":true,"href":"https:\/\/www.europesays.com\/se\/wp-json\/wp\/v2\/comments?post=132445"}],"version-history":[{"count":0,"href":"https:\/\/www.europesays.com\/se\/wp-json\/wp\/v2\/posts\/132445\/revisions"}],"wp:featuredmedia":[{"embeddable":true,"href":"https:\/\/www.europesays.com\/se\/wp-json\/wp\/v2\/media\/132446"}],"wp:attachment":[{"href":"https:\/\/www.europesays.com\/se\/wp-json\/wp\/v2\/media?parent=132445"}],"wp:term":[{"taxonomy":"category","embeddable":true,"href":"https:\/\/www.europesays.com\/se\/wp-json\/wp\/v2\/categories?post=132445"},{"taxonomy":"post_tag","embeddable":true,"href":"https:\/\/www.europesays.com\/se\/wp-json\/wp\/v2\/tags?post=132445"}],"curies":[{"name":"wp","href":"https:\/\/api.w.org\/{rel}","templated":true}]}}