{"id":132449,"date":"2026-01-11T16:13:19","date_gmt":"2026-01-11T16:13:19","guid":{"rendered":"https:\/\/www.europesays.com\/se\/132449\/"},"modified":"2026-01-11T16:13:19","modified_gmt":"2026-01-11T16:13:19","slug":"gotland-ett-foredome","status":"publish","type":"post","link":"https:\/\/www.europesays.com\/se\/132449\/","title":{"rendered":"Gotland ett f\u00f6red\u00f6me"},"content":{"rendered":"<p class=\"kicker \" style=\"\">Debatt<\/p>\n<p>    Detta s\u00e4tt att arbeta borde uppm\u00e4rksammas betydligt mer.<\/p>\n<p>\n        Alskogs kyrka \u00e4r just nu under reparation och ber\u00e4knas vara klar i mars.<br \/>\n        Fardhem-Garde pastorat\n    <\/p>\n<p><a href=\"https:\/\/www.kyrkanstidning.se\/nyhet\/kungens-kyrkoavgift-hojs-mest\/422394\" data-lab-font_weight=\"font-weight-black\" class=\"font-weight-black m-font-weight-black\" rel=\"nofollow noopener\" target=\"_blank\">En artikel i Kyrkans Tidning ang\u00e5ende kyrkoavgifterna 2026<\/a> fick mig\u00a0att t\u00e4nka till ang\u00e5ende sk\u00f6tsel av kyrkor och finansiering av kyrkounderh\u00e5ll i Visby stift.\u00a0<\/p>\n<p>Jag\u00a0\u00e4r tf kyrkoherde i Fardhem-Garde pastorat ett halv\u00e5r. En av kyrkorna \u00e4r Alskogs kyrka som \u00e4r\u00a0under reparation och blir klar i mars. En annan kyrka i pastoratet \u00e4r Linde kyrka som\u00a0planerats att st\u00e4ngas under 2026 f\u00f6r renovering av det yttre taket, men som nu senarel\u00e4ggs\u00a0p\u00e5 grund av ett minskat anslag till kyrkorenoveringar p\u00e5 Gotland.\u00a0<\/p>\n<p>Jag vill h\u00e4r sl\u00e5 ett slag f\u00f6r\u00a0den unika organisationen som finns h\u00e4r, Samf\u00e4lligheten Gotlands kyrkor. Kyrkorna\u00a0renoveras efter plan och f\u00f6rdelade resurser. F\u00f6rutom att det h\u00e4r medf\u00f6r stor kompetens i\u00a0alla led, s\u00e5 st\u00e4rks socknarnas intresse f\u00f6r sina kyrkor.<\/p>\n<p>Artikeln i Kyrkans tidning visar att kyrkoavgiften p\u00e5 Gotland \u00e4r bland de h\u00f6gsta i landet, vilket\u00a0visar att Gotland tar ett mycket stort ansvar f\u00f6r sina 92 medeltida kyrkor och vad jag kan\u00a0bed\u00f6ma skulle beh\u00f6va ett st\u00f6rre st\u00f6d via den kyrkoantikvariska ers\u00e4ttningen \u00e4n vad som\u00a0sker idag. Ett problem \u00e4r dock hur man ber\u00e4knar den kyrkoantikvariska ers\u00e4ttningen, d\u00e4r\u00a0man nu f\u00f6r\u00e4ndrat \u201dnyckeltal\u201d s\u00e5 att man nu utg\u00e5r fr\u00e5n ytan och inte volymen. Gotlands\u00a0kyrkor har sm\u00e5 ytor med stor volym och f\u00e5r d\u00e4rmed l\u00e4gre st\u00f6d fr\u00e5n den kyrkoantikvariska\u00a0ers\u00e4ttningen.<\/p>\n<p>Jag har varit med p\u00e5 ett flertal byggm\u00f6ten runt renoveringen av Alskogs kyrka och \u00e4r imponerad\u00a0\u00f6ver den kompetens som samf\u00e4llighetens f\u00e5 anst\u00e4llda och dess ordf\u00f6rande besitter och hur\u00a0de samverkar med socknarna och klockarna. Dessutom finns alltid en antikvarisk kunnig\u00a0person med som h\u00e5ller i kontakterna med l\u00e4nsstyrelsen som g\u00f6r att samarbetet fungerar\u00a0smidigt med snabba tillst\u00e5nd fr\u00e5n l\u00e4nsstyrelsen, som hela tiden \u00e4r med och f\u00f6ljer processen.<\/p>\n<p>Detta s\u00e4tt att arbeta \u00e4r n\u00e5got som borde uppm\u00e4rksammas betydligt mer och skulle kunna\u00a0inspirera till f\u00f6rb\u00e4ttringar av underh\u00e5llet f\u00f6r kyrkorna i \u00f6vriga delar av v\u00e5rt land.<\/p>\n<p>Jag ser det p\u00e5 m\u00e5nga detaljer som de v\u00e4l fungerande sk\u00e5p f\u00f6r liturgiska kl\u00e4der, man lyckas f\u00e5\u00a0in i de ofta mycket sm\u00e5 sakristiorna. Jag ser det p\u00e5 hur man jobbar mycket med v\u00e4rme\u00a0beroende p\u00e5 de olika kyrkornas karakt\u00e4r och hur man p\u00e5 senaste \u00e5ren uppt\u00e4ckt f\u00f6rdelarna\u00a0med att med glasv\u00e4gg avgr\u00e4nsa en mindre del av kyrkorummet. I Alskog f\u00e5r vi en utm\u00e4rkt lillkyrka i tornrummet, d\u00e4r vinterhalv\u00e5rets gudstj\u00e4nster med f\u00f6rdel kan firas, samtidigt som\u00a0man \u00e4nd\u00e5 har visuell kontakt med hela kyrkorummet.<\/p>\n<p>Genom kompetensen med de f\u00e5 anst\u00e4llda samt ordf Carin Jacobsson och\u00a0kyrkosamf\u00e4llighetens arbetsplats p\u00e5 stiftskansliet med n\u00e4ra samarbete med stiftet skapas en\u00a0unik kunskapsbank av kunniga entrepren\u00f6rer och ett stort intresse f\u00f6r kyrkoarkitektur som\u00a0ocks\u00e5 kommer f\u00f6rsamlingarna till del.<\/p>\n<p>Hur vi sk\u00f6ter v\u00e5ra kyrkor \u00e4r viktigt och Gotland \u00e4r ett f\u00f6red\u00f6me f\u00f6r detta som kan sprida\u00a0inspiration till fler<\/p>\n<p>Fredrik Lautmann<\/p>\n","protected":false},"excerpt":{"rendered":"Debatt Detta s\u00e4tt att arbeta borde uppm\u00e4rksammas betydligt mer. Alskogs kyrka \u00e4r just nu under reparation och ber\u00e4knas&hellip;\n","protected":false},"author":2,"featured_media":132450,"comment_status":"","ping_status":"","sticky":false,"template":"","format":"standard","meta":{"footnotes":""},"categories":[12],"tags":[22,23,26,27,17,21,24,25,28,29,15,16,18,34,31,33,32,30,19,20],"class_list":{"0":"post-132449","1":"post","2":"type-post","3":"status-publish","4":"format-standard","5":"has-post-thumbnail","7":"category-sverige","8":"tag-breaking-news","9":"tag-breakingnews","10":"tag-featured-news","11":"tag-featurednews","12":"tag-headlines","13":"tag-huvudnyheter","14":"tag-latest-news","15":"tag-latestnews","16":"tag-main-news","17":"tag-mainnews","18":"tag-news","19":"tag-nyheter","20":"tag-rubriker","21":"tag-se","22":"tag-svenska","23":"tag-sverige","24":"tag-sweden","25":"tag-swedish","26":"tag-top-stories","27":"tag-topstories"},"share_on_mastodon":{"url":"https:\/\/pubeurope.com\/@se\/115877354101908062","error":""},"_links":{"self":[{"href":"https:\/\/www.europesays.com\/se\/wp-json\/wp\/v2\/posts\/132449","targetHints":{"allow":["GET"]}}],"collection":[{"href":"https:\/\/www.europesays.com\/se\/wp-json\/wp\/v2\/posts"}],"about":[{"href":"https:\/\/www.europesays.com\/se\/wp-json\/wp\/v2\/types\/post"}],"author":[{"embeddable":true,"href":"https:\/\/www.europesays.com\/se\/wp-json\/wp\/v2\/users\/2"}],"replies":[{"embeddable":true,"href":"https:\/\/www.europesays.com\/se\/wp-json\/wp\/v2\/comments?post=132449"}],"version-history":[{"count":0,"href":"https:\/\/www.europesays.com\/se\/wp-json\/wp\/v2\/posts\/132449\/revisions"}],"wp:featuredmedia":[{"embeddable":true,"href":"https:\/\/www.europesays.com\/se\/wp-json\/wp\/v2\/media\/132450"}],"wp:attachment":[{"href":"https:\/\/www.europesays.com\/se\/wp-json\/wp\/v2\/media?parent=132449"}],"wp:term":[{"taxonomy":"category","embeddable":true,"href":"https:\/\/www.europesays.com\/se\/wp-json\/wp\/v2\/categories?post=132449"},{"taxonomy":"post_tag","embeddable":true,"href":"https:\/\/www.europesays.com\/se\/wp-json\/wp\/v2\/tags?post=132449"}],"curies":[{"name":"wp","href":"https:\/\/api.w.org\/{rel}","templated":true}]}}