{"id":132451,"date":"2026-01-11T16:14:15","date_gmt":"2026-01-11T16:14:15","guid":{"rendered":"https:\/\/www.europesays.com\/se\/132451\/"},"modified":"2026-01-11T16:14:15","modified_gmt":"2026-01-11T16:14:15","slug":"ulf-kristersson-usa-borde-tacka-danmark-svd","status":"publish","type":"post","link":"https:\/\/www.europesays.com\/se\/132451\/","title":{"rendered":"Ulf Kristersson: USA borde tacka Danmark &#8211; SvD"},"content":{"rendered":"<ol>\n<li><a href=\"https:\/\/news.google.com\/rss\/articles\/CBMidkFVX3lxTFAtbjBxUnBveGQ5bGJWTVlEaHFncm1EQ0hsX3poOU84NFF1SVFweXpIZ0lYUkdmXy1oUmt6Z0toRjY0MFp1NVNiS01HSmFoYzdiSlUwTEcxZnV6V2RJZ3ppNjQ5eTgyb3pXT0NLdWJoNUd5eFFRenc?oc=5\" target=\"_blank\" rel=\"nofollow noopener\">Ulf Kristersson: USA borde tacka Danmark<\/a>&nbsp;&nbsp;SvD<\/li>\n<li><a href=\"https:\/\/news.google.com\/rss\/articles\/CBMimgFBVV95cUxPYjJOaF9UUU0yckd0eWh2dC10YkJsTEV2Qmp1RGMyZEE3dVJPajFWUUNWMkM2eXJwak44QS05ZURMVkRnOVZkanktZ2JBc0xQNk4yR0ZSTUxWcm9fakNDNGtmbEJydEFEa2trcWthdVNJN1NSc0NrRUZRcnpRM1NmTmJvd3ZGTFc0eTd3R2RnYWtGZG11RHpGNkdn?oc=5\" target=\"_blank\" rel=\"nofollow noopener\">F\u00f6rsvarspolitiker: USA:s spel mot Gr\u00f6nland hotar v\u00e5r s\u00e4kerhet<\/a>&nbsp;&nbsp;SVT Nyheter<\/li>\n<li><a href=\"https:\/\/news.google.com\/rss\/articles\/CBMiuAFBVV95cUxOUy12c0NkTmxhY0JVUUM1NHlVZlZWMU1ZazYxWFlGaEhhSVRrUTlwZmRmOVF3c2MxXzh6VmFqNHVucUxSUGlLdjhvOXhIaDRfQTZBaHdyek41Z3ZjbzdGN0xuNWQxT2VQOGxwMWlhNEJCRjdRd3FoendhTTRmZzcyY3Zmb1JMZzJWQ2VGbHNXekdHbUdEZ0t4ZnJvRTFOaFdVMk45aG1KX1BVSlFCaDF5S1NIQ0lJZ0I2?oc=5\" target=\"_blank\" rel=\"nofollow noopener\">Statsministern om svensk trupp p\u00e5 Gr\u00f6nland: &#8221;G\u00f6r i detalj allt som Danmark bett om&#8221;<\/a>&nbsp;&nbsp;ETC.se<\/li>\n<li><a href=\"https:\/\/news.google.com\/rss\/articles\/CBMimgFBVV95cUxNMmpqR2V2UjZTMXBSZDBvTXFMY2pWOHlfelFITTVERXpSQk9aS3c3dHpnTzgwdnhmRUhsRjhRQ3oyTTUyRmJxZFV2S1NNRXdjVm5QTUNPTmpZWGdTSXVqT3MtM0MzYkFmNDk4SXRiZklTYUdPeElSRko1MTJfcmlWalpjX2VqcURnSFFLV01LbEFZd0lSUGZiTFVn?oc=5\" target=\"_blank\" rel=\"nofollow noopener\">Varf\u00f6r bygger inte EU en milit\u00e4rbas p\u00e5 Gr\u00f6nland?<\/a>&nbsp;&nbsp;Aftonbladet<\/li>\n<li><a href=\"https:\/\/news.google.com\/rss\/articles\/CBMipAFBVV95cUxON2ZFVTIwRElIcDI2SkVsd0NRMzNLNExtOVB6akM0dEpQTlR0NDZYR3lFaVdXS2toakRGbnZOd2hCOGVBQldzNUQwcE9OVzk4Q24wcWlPdUdDNkdNX1NIaXoxQVA1Qk5Ua0c0anJEc3dSSTBjWEcwRUFsOUR1SHQ1UjNMajlWMnpLTkZ2dGhocV9qQ0hzaGZYdzJmbFF0aXAwdmxlZA?oc=5\" target=\"_blank\" rel=\"nofollow noopener\">Efter Trumps anspr\u00e5k p\u00e5 Gr\u00f6nland \u2013 \u00f6verenskommelse om tullar i fara &#8211; Ekot<\/a>&nbsp;&nbsp;Sveriges Radio<\/li>\n<\/ol>\n","protected":false},"excerpt":{"rendered":"Ulf Kristersson: USA borde tacka Danmark&nbsp;&nbsp;SvD F\u00f6rsvarspolitiker: USA:s spel mot Gr\u00f6nland hotar v\u00e5r s\u00e4kerhet&nbsp;&nbsp;SVT Nyheter Statsministern om svensk&hellip;\n","protected":false},"author":2,"featured_media":132452,"comment_status":"","ping_status":"","sticky":false,"template":"","format":"standard","meta":{"footnotes":""},"categories":[5],"tags":[22,23,26,27,17,21,24,25,28,29,15,16,18,34,31,33,32,30,19,20],"class_list":{"0":"post-132451","1":"post","2":"type-post","3":"status-publish","4":"format-standard","5":"has-post-thumbnail","7":"category-rubriker","8":"tag-breaking-news","9":"tag-breakingnews","10":"tag-featured-news","11":"tag-featurednews","12":"tag-headlines","13":"tag-huvudnyheter","14":"tag-latest-news","15":"tag-latestnews","16":"tag-main-news","17":"tag-mainnews","18":"tag-news","19":"tag-nyheter","20":"tag-rubriker","21":"tag-se","22":"tag-svenska","23":"tag-sverige","24":"tag-sweden","25":"tag-swedish","26":"tag-top-stories","27":"tag-topstories"},"share_on_mastodon":{"url":"https:\/\/pubeurope.com\/@se\/115877357980263668","error":""},"_links":{"self":[{"href":"https:\/\/www.europesays.com\/se\/wp-json\/wp\/v2\/posts\/132451","targetHints":{"allow":["GET"]}}],"collection":[{"href":"https:\/\/www.europesays.com\/se\/wp-json\/wp\/v2\/posts"}],"about":[{"href":"https:\/\/www.europesays.com\/se\/wp-json\/wp\/v2\/types\/post"}],"author":[{"embeddable":true,"href":"https:\/\/www.europesays.com\/se\/wp-json\/wp\/v2\/users\/2"}],"replies":[{"embeddable":true,"href":"https:\/\/www.europesays.com\/se\/wp-json\/wp\/v2\/comments?post=132451"}],"version-history":[{"count":0,"href":"https:\/\/www.europesays.com\/se\/wp-json\/wp\/v2\/posts\/132451\/revisions"}],"wp:featuredmedia":[{"embeddable":true,"href":"https:\/\/www.europesays.com\/se\/wp-json\/wp\/v2\/media\/132452"}],"wp:attachment":[{"href":"https:\/\/www.europesays.com\/se\/wp-json\/wp\/v2\/media?parent=132451"}],"wp:term":[{"taxonomy":"category","embeddable":true,"href":"https:\/\/www.europesays.com\/se\/wp-json\/wp\/v2\/categories?post=132451"},{"taxonomy":"post_tag","embeddable":true,"href":"https:\/\/www.europesays.com\/se\/wp-json\/wp\/v2\/tags?post=132451"}],"curies":[{"name":"wp","href":"https:\/\/api.w.org\/{rel}","templated":true}]}}