{"id":132458,"date":"2026-01-11T16:22:15","date_gmt":"2026-01-11T16:22:15","guid":{"rendered":"https:\/\/www.europesays.com\/se\/132458\/"},"modified":"2026-01-11T16:22:15","modified_gmt":"2026-01-11T16:22:15","slug":"ledarduon-forlanger-ifk-goteborg-hela-stadens-lag","status":"publish","type":"post","link":"https:\/\/www.europesays.com\/se\/132458\/","title":{"rendered":"Ledarduon f\u00f6rl\u00e4nger | IFK G\u00f6teborg \u2013 Hela stadens lag"},"content":{"rendered":"<p><strong>Marcus Berg och Oscar Wendt f\u00f6rl\u00e4nger sina uppdrag som assisterande tr\u00e4nare och assisterande sportchef f\u00f6r IFK G\u00f6teborg.<br \/><\/strong><strong>\u2013 De st\u00e5r f\u00f6r ett naturligt ledarskap och har b\u00e5da vuxit p\u00e5 ett imponerande s\u00e4tt i sina olika roller, s\u00e4ger sportchef Hannes Stiller.<\/strong><\/p>\n<p>Marcus Berg g\u00e5r nu in i sin tredje s\u00e4song i herrlagets ledarstab medan Oscar p\u00e5b\u00f6rjar sitt andra \u00e5r i den sportsliga ledningen. B\u00e5da har f\u00f6rl\u00e4ngt sina avtal \u00f6ver 2026.<\/p>\n<p>\u2013 Det \u00e4r klart att det k\u00e4nns v\u00e4ldigt bra att forts\u00e4tta. Vi tog stora steg som lag under f\u00f6rra s\u00e4songen och nu vill jag vara med och bygga vidare p\u00e5 det. Precis som under den egna spelarkarri\u00e4ren \u00e4r jag nyfiken och vill hela tiden l\u00e4ra mig, och med den erfarna ledarstab vi har s\u00e5 finns det m\u00e5nga skickliga personer att diskutera och utvecklas tillsammans med, s\u00e4ger Marcus.<\/p>\n<p>Hannes Stiller, sportchef:<\/p>\n<p>\u2013 Marcus bidrar p\u00e5 v\u00e4ldigt m\u00e5nga plan, speciellt med tanke p\u00e5 hur nyligen han sj\u00e4lv var spelare. Han har l\u00e4tt att l\u00e4ra ut och att s\u00e4tta sig in i spelarnas situation. Det ser vi inte minst i den individuella tr\u00e4ningen som han \u00e4r med och driver. Han tar sj\u00e4lv hela tiden kliv och har tagit en sj\u00e4lvklar roll i ledarteamet.<\/p>\n<p>Oscar Wendt forts\u00e4tter allts\u00e5 i sin roll som assisterande sportchef och sportchef Stiller \u00e4r n\u00f6jd med det.<\/p>\n<p>\u2013 Oscar har en stor bredd i sitt kunnande och vi \u00e5terkommer alltid till hans \u201dfotbolls\u00f6ga\u201d. Det har vi stor nytta av i scoutingen men ocks\u00e5 i det dagliga arbetet med spelarna. Oscar kommer att arbeta \u00e4nnu n\u00e4rmare laget under 2026. Vi har identifierat att vi vill anv\u00e4nda hans spelarerfarenheter ute p\u00e5 planen \u00e4nnu mer, vid sidan av exempelvis rekryteringsarbetet, speciellt med de unga spelarna som ska upp\u00e5t och fram\u00e5t, s\u00e4ger Hannes Stiller.<\/p>\n<p>Oscar sj\u00e4lv om att ha f\u00f6rl\u00e4ngt:<\/p>\n<p>\u2013 Det var givet att g\u00f6ra det. Jag trivs v\u00e4ldigt bra p\u00e5 Kamratg\u00e5rden, med kollegorna d\u00e4r och med alla runt laget. Jag har sj\u00e4lv l\u00e4rt mig mycket under \u00e5ret som har g\u00e5tt och k\u00e4nner mig varm i kl\u00e4derna. Vi har ett v\u00e4ldigt bra samarbete i teamet som sk\u00f6ter spelarrekryteringar och jag k\u00e4nner likadant med ledarstaben d\u00e4r jag vill forts\u00e4tta utvecklas och utveckla andra, s\u00e4ger han.<\/p>\n<p>\u00a0<\/p>\n","protected":false},"excerpt":{"rendered":"Marcus Berg och Oscar Wendt f\u00f6rl\u00e4nger sina uppdrag som assisterande tr\u00e4nare och assisterande sportchef f\u00f6r IFK G\u00f6teborg.\u2013 De&hellip;\n","protected":false},"author":2,"featured_media":132459,"comment_status":"","ping_status":"","sticky":false,"template":"","format":"standard","meta":{"footnotes":""},"categories":[5],"tags":[22,23,26,27,17,21,24,25,28,29,15,16,18,34,31,33,32,30,19,20],"class_list":{"0":"post-132458","1":"post","2":"type-post","3":"status-publish","4":"format-standard","5":"has-post-thumbnail","7":"category-rubriker","8":"tag-breaking-news","9":"tag-breakingnews","10":"tag-featured-news","11":"tag-featurednews","12":"tag-headlines","13":"tag-huvudnyheter","14":"tag-latest-news","15":"tag-latestnews","16":"tag-main-news","17":"tag-mainnews","18":"tag-news","19":"tag-nyheter","20":"tag-rubriker","21":"tag-se","22":"tag-svenska","23":"tag-sverige","24":"tag-sweden","25":"tag-swedish","26":"tag-top-stories","27":"tag-topstories"},"share_on_mastodon":{"url":"https:\/\/pubeurope.com\/@se\/115877389465164116","error":""},"_links":{"self":[{"href":"https:\/\/www.europesays.com\/se\/wp-json\/wp\/v2\/posts\/132458","targetHints":{"allow":["GET"]}}],"collection":[{"href":"https:\/\/www.europesays.com\/se\/wp-json\/wp\/v2\/posts"}],"about":[{"href":"https:\/\/www.europesays.com\/se\/wp-json\/wp\/v2\/types\/post"}],"author":[{"embeddable":true,"href":"https:\/\/www.europesays.com\/se\/wp-json\/wp\/v2\/users\/2"}],"replies":[{"embeddable":true,"href":"https:\/\/www.europesays.com\/se\/wp-json\/wp\/v2\/comments?post=132458"}],"version-history":[{"count":0,"href":"https:\/\/www.europesays.com\/se\/wp-json\/wp\/v2\/posts\/132458\/revisions"}],"wp:featuredmedia":[{"embeddable":true,"href":"https:\/\/www.europesays.com\/se\/wp-json\/wp\/v2\/media\/132459"}],"wp:attachment":[{"href":"https:\/\/www.europesays.com\/se\/wp-json\/wp\/v2\/media?parent=132458"}],"wp:term":[{"taxonomy":"category","embeddable":true,"href":"https:\/\/www.europesays.com\/se\/wp-json\/wp\/v2\/categories?post=132458"},{"taxonomy":"post_tag","embeddable":true,"href":"https:\/\/www.europesays.com\/se\/wp-json\/wp\/v2\/tags?post=132458"}],"curies":[{"name":"wp","href":"https:\/\/api.w.org\/{rel}","templated":true}]}}