{"id":132464,"date":"2026-01-11T16:29:37","date_gmt":"2026-01-11T16:29:37","guid":{"rendered":"https:\/\/www.europesays.com\/se\/132464\/"},"modified":"2026-01-11T16:29:37","modified_gmt":"2026-01-11T16:29:37","slug":"kriget-kan-inte-ursakta-korruptionen-i-ukraina","status":"publish","type":"post","link":"https:\/\/www.europesays.com\/se\/132464\/","title":{"rendered":"Kriget kan inte urs\u00e4kta korruptionen i Ukraina"},"content":{"rendered":"<p>Parul Sharma: V\u00e4cker en obekv\u00e4m men n\u00f6dv\u00e4ndig fr\u00e5ga<img decoding=\"async\" class=\"image-asset hyperion-css-n6kkq1\" data-test-tag=\"image-asset\" src=\"https:\/\/www.europesays.com\/se\/wp-content\/uploads\/2025\/08\/ab-icon-circle-quote@2x.png\"  alt=\"\"  loading=\"lazy\" fetchpriority=\"auto\" style=\"aspect-ratio:16 \/ 16\"\/><\/p>\n<p class=\"boxtextgrotesk-root_baa6 hyperion-css-qkznpo\"><strong>Detta \u00e4r en debattartikel.<\/strong> Det \u00e4r skribenten som st\u00e5r f\u00f6r \u00e5sikterna som f\u00f6rs fram i texten, inte Aftonbladet.<\/p>\n<p>share-arrowDela<\/p>\n<p>unsaveSpara<\/p>\n<p>expand-left<\/p>\n<p>helsk\u00e4rm<img decoding=\"async\" class=\"image-asset hyperion-css-u06ts1\" data-test-tag=\"image-asset\" src=\"https:\/\/www.europesays.com\/se\/wp-content\/uploads\/2026\/01\/a5f9872a-8f3c-45e4-86ed-e1323ca96131.jpeg\"  alt=\"Efter sommarens beslut g\u00e4llande landets antikorruptionsmyndigheter utbr\u00f6t flera stora protester i Ukraina. H\u00e4r en bild fr\u00e5n huvudstaden Kiev.\"  loading=\"eager\" fetchpriority=\"high\" style=\"aspect-ratio:1900 \/ 948\"\/>Efter sommarens beslut g\u00e4llande landets antikorruptionsmyndigheter utbr\u00f6t flera stora protester i Ukraina. H\u00e4r en bild fr\u00e5n huvudstaden Kiev. Foto: Evgeniy Maloletka \/ AP<\/p>\n<p class=\"hyperion-css-1v9qo5x\">DEBATT. Sverige och EU skickar miljarder till <a data-test-tag=\"internal-link\" href=\"https:\/\/www.aftonbladet.se\/tagg\/ukraina\" class=\"hyperion-css-15jkft9\" rel=\"nofollow noopener\" target=\"\" aria-label=\"Ukraina\" theme=\"opinion\">Ukraina<\/a>. Vapen, energi, \u00e5teruppbyggnad och humanit\u00e4rt st\u00f6d finansieras till stor del av europeiska skattemedel. Just d\u00e4rf\u00f6r \u00e4r det djupt oroande att korruptionen i Ukraina under 2025 \u00e5terigen vuxit till ett av landets st\u00f6rsta inrikespolitiska problem. Kriget mot Ryssland \u00e4r brutalt, existentiellt och synligt. I dess skugga v\u00e4xer dock ett annat, mindre synligt hot fram, ett som ger n\u00e4ring \u00e5t maktmissbruk, straffrihet och politiska bakslag.<\/p>\n<p class=\"hyperion-css-1v9qo5x\"><strong>Under 2025 har flera omfattande korruptionsutredningar skakat Ukraina, s\u00e4rskilt inom energi- och upphandlingssektorn. Utredningar har pekat p\u00e5 misst\u00e4nkt f\u00f6rskingring och mutor i hundramiljonersklassen, med kopplingar till statliga kontrakt och politiska maktcentra.<\/strong><\/p>\n<blockquote data-test-tag=\"blockquote\" class=\"blockquote-content_747c\"><p>pullquoteT\u00e5lamodet h\u00e5ller p\u00e5 att ta slut<\/p><\/blockquote>\n<p class=\"hyperion-css-1v9qo5x\">Att s\u00e5dana aff\u00e4rer kan fortg\u00e5 samtidigt som landet sl\u00e5ss f\u00f6r sin \u00f6verlevnad v\u00e4cker en obekv\u00e4m men n\u00f6dv\u00e4ndig fr\u00e5ga: Om staten inte kan skydda sina resurser i krigstid \u2013 hur ska den d\u00e5 g\u00f6ra det i fred?<\/p>\n<p class=\"hyperion-css-1v9qo5x\"><strong>Parallellt med dessa avsl\u00f6janden fattade regeringen under sommaren 2025 beslut som begr\u00e4nsade oberoendet f\u00f6r Ukrainas viktigaste antikorruptionsmyndigheter. Motiveringen var nationell s\u00e4kerhet och behovet av samordning i krigstid.<\/strong><\/p>\n<p class=\"hyperion-css-1v9qo5x\">Men f\u00f6r m\u00e5nga ukrainare uppfattades beslutet som raka motsatsen till reform. Resultatet blev de st\u00f6rsta antikorruptionsprotesterna sedan 2022, ett tydligt tecken p\u00e5 att t\u00e5lamodet h\u00e5ller p\u00e5 att ta slut.<\/p>\n<p class=\"hyperion-css-1v9qo5x\"><strong>Ukraina har inte brist p\u00e5 strategier, handlingsplaner eller internationellt st\u00f6d. Det verkliga problemet \u00e4r att h\u00f6gt uppsatta personer s\u00e4llan d\u00f6ms.<\/strong><\/p>\n<p class=\"hyperion-css-1v9qo5x\"><strong>Utredningar inleds, men avslutas ofta utan konsekvenser. N\u00e4r makthavare aldrig h\u00e5lls ansvariga normaliseras korruptionen. Det urholkar f\u00f6rtroendet f\u00f6r staten och riskerar att p\u00e5 sikt \u00e4ven underminera viljan hos omv\u00e4rlden att forts\u00e4tta st\u00f6det.<\/strong><\/p>\n<p class=\"hyperion-css-1v9qo5x\">Kriget har lett till enorma och snabba fl\u00f6den av pengar: till f\u00f6rsvar, energi och \u00e5teruppbyggnad. Just d\u00e4rf\u00f6r borde transparensen vara st\u00f6rre \u00e4n n\u00e5gonsin.<\/p>\n<p class=\"hyperion-css-1v9qo5x\">I st\u00e4llet har undantag, sekretess och n\u00f6dl\u00f6sningar blivit regel, s\u00e4rskilt i s\u00e5 kallade \u201dk\u00e4nsliga\u201d sektorer. Det skapar nya m\u00f6jligheter f\u00f6r missbruk och g\u00f6r granskning sv\u00e5rare, b\u00e5de f\u00f6r journalister och civilsamh\u00e4lle.<\/p>\n<blockquote data-test-tag=\"blockquote\" class=\"blockquote-content_747c\"><p>pullquoteKr\u00e4vs tydliga beslut, inte fler l\u00f6ften<\/p><\/blockquote>\n<p class=\"hyperion-css-1v9qo5x\">Ukrainas n\u00e4rmande till EU \u00e4r landets starkaste reformmotor. Men EU-integrationen riskerar att f\u00f6rlora sin trov\u00e4rdighet om antikorruptionskrav skjuts p\u00e5 framtiden med h\u00e4nvisning till kriget.<\/p>\n<p class=\"hyperion-css-1v9qo5x\"><strong>Budskapet m\u00e5ste vara tydligt:<\/strong><\/p>\n<p class=\"hyperion-css-1v9qo5x\"><strong>Det finns ingen genv\u00e4g till <\/strong><a data-test-tag=\"internal-link\" href=\"https:\/\/www.aftonbladet.se\/tagg\/europa\" class=\"hyperion-css-15jkft9\" rel=\"nofollow noopener\" target=\"\" theme=\"opinion\"><strong>Europa<\/strong><\/a><strong> som g\u00e5r via kompromisser med r\u00e4ttsstaten.<\/strong><\/p>\n<p class=\"hyperion-css-1v9qo5x\">Vad m\u00e5ste g\u00f6ras nu?<\/p>\n<p class=\"hyperion-css-1v9qo5x\">Om 2025 inte ska bli \u00e4nnu ett f\u00f6rlorat reform\u00e5r kr\u00e4vs tydliga beslut, inte fler l\u00f6ften. I dag \u00e4r uppf\u00f6ljningen ofta politisk snarare \u00e4n strikt teknisk, kriget g\u00f6r att krav fr\u00e5n olika instanser ofta skjuts upp, resultat m\u00e4ts mer i planer \u00e4n i faktiska domar och \u00e5terkrav.<\/p>\n<p class=\"hyperion-css-1v9qo5x\">Fem n\u00f6dv\u00e4ndiga steg:<\/p>\n<p class=\"hyperion-css-1v9qo5x\"><strong>1. Garantera fullt oberoende f\u00f6r antikorruptionsmyndigheterna<\/strong><\/p>\n<p class=\"hyperion-css-1v9qo5x\">De m\u00e5ste st\u00e5 fria fr\u00e5n politisk kontroll, \u00e4ven i krigstid.<\/p>\n<p class=\"hyperion-css-1v9qo5x\"><strong>2. Inf\u00f6r total transparens f\u00f6r krigs- och \u00e5teruppbyggnadsmedel<\/strong><\/p>\n<p class=\"hyperion-css-1v9qo5x\">Offentliga upphandlingar ska vara \u00f6ppna som norm, inte undantag.<\/p>\n<p class=\"hyperion-css-1v9qo5x\"><strong>3. Prioritera f\u00e4llande domar i h\u00f6gprofilerade korruptionsm\u00e5l<\/strong><\/p>\n<p class=\"hyperion-css-1v9qo5x\">Utan konsekvenser forts\u00e4tter straffriheten.<\/p>\n<p class=\"hyperion-css-1v9qo5x\"><strong>4. St\u00e4rk skyddet f\u00f6r visselbl\u00e5sare och granskande journalister<\/strong><\/p>\n<p class=\"hyperion-css-1v9qo5x\">De \u00e4r ofta den sista f\u00f6rsvarslinjen mot systematiskt maktmissbruk.<\/p>\n<p class=\"hyperion-css-1v9qo5x\"><strong>5. Knyt internationellt st\u00f6d till m\u00e4tbara antikorruptionsresultat<\/strong> <\/p>\n<p class=\"hyperion-css-1v9qo5x\">Krav m\u00e5ste f\u00f6ljas upp, inte bara formuleras.<\/p>\n<p class=\"hyperion-css-1v9qo5x\">Ukraina f\u00f6r ett r\u00e4ttf\u00e4rdigt krig mot yttre aggression. Men ett land som f\u00f6rsvarar sin frihet kan inte samtidigt acceptera inre plundring. Kriget f\u00f6rklarar varf\u00f6r systemen pressas. Men det kan inte l\u00e4ngre urs\u00e4kta varf\u00f6r de missbrukas.<\/p>\n<p><img decoding=\"async\" class=\"image-asset hyperion-css-u06ts1\" data-test-tag=\"image-asset\" src=\"https:\/\/www.europesays.com\/se\/wp-content\/uploads\/2026\/01\/1768148976_326_de9f2348-8035-4a2d-9763-a962274ff7de.png\"  alt=\"\"  loading=\"eager\" fetchpriority=\"high\" style=\"aspect-ratio:1401 \/ 38\"\/><\/p>\n<p class=\"hyperion-css-1v9qo5x\"><strong>Parul Sharma<\/strong>, generalsekreterare, Institutet Mot Mutor (IMM)<\/p>\n<p>expand-left<\/p>\n<p>helsk\u00e4rm<img decoding=\"async\" class=\"image-asset hyperion-css-u06ts1\" data-test-tag=\"image-asset\" src=\"https:\/\/www.europesays.com\/se\/wp-content\/uploads\/2026\/01\/b635e019-58ed-41eb-9c2a-dd933d2e2c98.jpeg\"  alt=\"\"  loading=\"eager\" fetchpriority=\"high\" style=\"aspect-ratio:1200 \/ 627\"\/> Foto: Institutet Mot Mutor (Imm)FAKTAS\u00e5 skriver du en debattartikel<\/p>\n<p class=\"hyperion-css-jonaf8\"><strong>Vill du ocks\u00e5 debattera? S\u00e5 h\u00e4r g\u00f6r du om du vill skicka in debattartiklar och ins\u00e4ndare till Aftonbladet Debatt.<\/strong><\/p>\n<p class=\"hyperion-css-jonaf8\">arrow Debattartikel:<\/p>\n<p class=\"hyperion-css-jonaf8\">Skriv runt 3 500 tecken inklusive blanksteg och mejla texten till debatt@aftonbladet.se<\/p>\n<p class=\"hyperion-css-jonaf8\">Skicka med bild p\u00e5 dig sj\u00e4lv och kontaktuppgifter. Vi l\u00e4ser och svarar s\u00e5 fort vi kan, oftast inom 24 timmar.<\/p>\n<p class=\"hyperion-css-jonaf8\">arrow Replik:<\/p>\n<p class=\"hyperion-css-jonaf8\">Skriv max 2 000 tecken inklusive blanksteg och mejla texten till debatt@aftonbladet.se<\/p>\n<p>L\u00e4s mer<\/p>\n","protected":false},"excerpt":{"rendered":"Parul Sharma: V\u00e4cker en obekv\u00e4m men n\u00f6dv\u00e4ndig fr\u00e5ga Detta \u00e4r en debattartikel. Det \u00e4r skribenten som st\u00e5r f\u00f6r&hellip;\n","protected":false},"author":2,"featured_media":132465,"comment_status":"","ping_status":"","sticky":false,"template":"","format":"standard","meta":{"footnotes":""},"categories":[12],"tags":[22,23,26,27,17,21,24,25,28,29,15,16,18,34,31,33,32,30,19,20],"class_list":{"0":"post-132464","1":"post","2":"type-post","3":"status-publish","4":"format-standard","5":"has-post-thumbnail","7":"category-sverige","8":"tag-breaking-news","9":"tag-breakingnews","10":"tag-featured-news","11":"tag-featurednews","12":"tag-headlines","13":"tag-huvudnyheter","14":"tag-latest-news","15":"tag-latestnews","16":"tag-main-news","17":"tag-mainnews","18":"tag-news","19":"tag-nyheter","20":"tag-rubriker","21":"tag-se","22":"tag-svenska","23":"tag-sverige","24":"tag-sweden","25":"tag-swedish","26":"tag-top-stories","27":"tag-topstories"},"share_on_mastodon":{"url":"https:\/\/pubeurope.com\/@se\/115877417069293015","error":""},"_links":{"self":[{"href":"https:\/\/www.europesays.com\/se\/wp-json\/wp\/v2\/posts\/132464","targetHints":{"allow":["GET"]}}],"collection":[{"href":"https:\/\/www.europesays.com\/se\/wp-json\/wp\/v2\/posts"}],"about":[{"href":"https:\/\/www.europesays.com\/se\/wp-json\/wp\/v2\/types\/post"}],"author":[{"embeddable":true,"href":"https:\/\/www.europesays.com\/se\/wp-json\/wp\/v2\/users\/2"}],"replies":[{"embeddable":true,"href":"https:\/\/www.europesays.com\/se\/wp-json\/wp\/v2\/comments?post=132464"}],"version-history":[{"count":0,"href":"https:\/\/www.europesays.com\/se\/wp-json\/wp\/v2\/posts\/132464\/revisions"}],"wp:featuredmedia":[{"embeddable":true,"href":"https:\/\/www.europesays.com\/se\/wp-json\/wp\/v2\/media\/132465"}],"wp:attachment":[{"href":"https:\/\/www.europesays.com\/se\/wp-json\/wp\/v2\/media?parent=132464"}],"wp:term":[{"taxonomy":"category","embeddable":true,"href":"https:\/\/www.europesays.com\/se\/wp-json\/wp\/v2\/categories?post=132464"},{"taxonomy":"post_tag","embeddable":true,"href":"https:\/\/www.europesays.com\/se\/wp-json\/wp\/v2\/tags?post=132464"}],"curies":[{"name":"wp","href":"https:\/\/api.w.org\/{rel}","templated":true}]}}