{"id":132466,"date":"2026-01-11T16:30:41","date_gmt":"2026-01-11T16:30:41","guid":{"rendered":"https:\/\/www.europesays.com\/se\/132466\/"},"modified":"2026-01-11T16:30:41","modified_gmt":"2026-01-11T16:30:41","slug":"annu-inga-spar-efter-forsvunna-18-aringen","status":"publish","type":"post","link":"https:\/\/www.europesays.com\/se\/132466\/","title":{"rendered":"\u00c4nnu inga sp\u00e5r efter f\u00f6rsvunna 18-\u00e5ringen"},"content":{"rendered":"<p>Trots en s\u00f6kinsats som fortsatt har p\u00e5g\u00e5tt hela natten och under l\u00f6rdagen har inga nya sp\u00e5r hittats efter den 18-\u00e5riga kvinna som sedan i onsdags \u00e4r f\u00f6rsvunnen i Uddevalla. Det s\u00e4ger polisens kommenderingschef Martin \u00d6hman till Aftonbladet.<\/p>\n<p>Han beskriver insatsen som v\u00e4ldigt anstr\u00e4ngande och besv\u00e4rlig p\u00e5 grund av sn\u00f6n och kylan. Under l\u00f6rdagen har en gr\u00e4vmaskin kallats in f\u00f6r att hj\u00e4lpa till med att r\u00f6ja undan sn\u00f6n och underl\u00e4tta s\u00f6kandet. <\/p>\n<p>\u2013 Under dagen kommer vi att samverka med medicinsk expertis kring hur l\u00e4nge det finns en chans att hitta personen vid liv i det h\u00e4r omr\u00e5det, s\u00e4ger \u00d6hman.<\/p>\n<p>Parallellt med den stora s\u00f6kinsatsen i ett friluftsomr\u00e5de i Uddevalla genomf\u00f6rs utrednings\u00e5tg\u00e4rder \u00e4ven i andra st\u00e4der, ber\u00e4ttar han. <\/p>\n<p>\u2013 Vi f\u00f6ljer upp olika tips och drar i alla tr\u00e5dar vi kan, s\u00e4ger \u00d6hman till Expressen.<\/p>\n<p>Omni \u00e4r politiskt obundna och oberoende. Vi str\u00e4var efter att ge fler perspektiv p\u00e5 nyheterna. Har du fr\u00e5gor eller synpunkter kring v\u00e5r rapportering? <a href=\"https:\/\/omni.se\/annu-inga-spar-efter-forsvunna-18-aringen\/a\/mailto:redaktion@omni.se\" class=\"ArticleActions_contactLink__W2F1M\" rel=\"nofollow noopener\" target=\"_blank\">Kontakta redaktionen<\/a><\/p>\n","protected":false},"excerpt":{"rendered":"Trots en s\u00f6kinsats som fortsatt har p\u00e5g\u00e5tt hela natten och under l\u00f6rdagen har inga nya sp\u00e5r hittats efter&hellip;\n","protected":false},"author":2,"featured_media":132467,"comment_status":"","ping_status":"","sticky":false,"template":"","format":"standard","meta":{"footnotes":""},"categories":[5],"tags":[22,23,26,27,17,21,24,25,28,29,15,16,18,34,31,33,32,30,19,20,1677,1084],"class_list":{"0":"post-132466","1":"post","2":"type-post","3":"status-publish","4":"format-standard","5":"has-post-thumbnail","7":"category-rubriker","8":"tag-breaking-news","9":"tag-breakingnews","10":"tag-featured-news","11":"tag-featurednews","12":"tag-headlines","13":"tag-huvudnyheter","14":"tag-latest-news","15":"tag-latestnews","16":"tag-main-news","17":"tag-mainnews","18":"tag-news","19":"tag-nyheter","20":"tag-rubriker","21":"tag-se","22":"tag-svenska","23":"tag-sverige","24":"tag-sweden","25":"tag-swedish","26":"tag-top-stories","27":"tag-topstories","28":"tag-uddevalla","29":"tag-vastra-gotalands-lan"},"share_on_mastodon":{"url":"https:\/\/pubeurope.com\/@se\/115877420920363133","error":""},"_links":{"self":[{"href":"https:\/\/www.europesays.com\/se\/wp-json\/wp\/v2\/posts\/132466","targetHints":{"allow":["GET"]}}],"collection":[{"href":"https:\/\/www.europesays.com\/se\/wp-json\/wp\/v2\/posts"}],"about":[{"href":"https:\/\/www.europesays.com\/se\/wp-json\/wp\/v2\/types\/post"}],"author":[{"embeddable":true,"href":"https:\/\/www.europesays.com\/se\/wp-json\/wp\/v2\/users\/2"}],"replies":[{"embeddable":true,"href":"https:\/\/www.europesays.com\/se\/wp-json\/wp\/v2\/comments?post=132466"}],"version-history":[{"count":0,"href":"https:\/\/www.europesays.com\/se\/wp-json\/wp\/v2\/posts\/132466\/revisions"}],"wp:featuredmedia":[{"embeddable":true,"href":"https:\/\/www.europesays.com\/se\/wp-json\/wp\/v2\/media\/132467"}],"wp:attachment":[{"href":"https:\/\/www.europesays.com\/se\/wp-json\/wp\/v2\/media?parent=132466"}],"wp:term":[{"taxonomy":"category","embeddable":true,"href":"https:\/\/www.europesays.com\/se\/wp-json\/wp\/v2\/categories?post=132466"},{"taxonomy":"post_tag","embeddable":true,"href":"https:\/\/www.europesays.com\/se\/wp-json\/wp\/v2\/tags?post=132466"}],"curies":[{"name":"wp","href":"https:\/\/api.w.org\/{rel}","templated":true}]}}