{"id":132472,"date":"2026-01-11T16:37:39","date_gmt":"2026-01-11T16:37:39","guid":{"rendered":"https:\/\/www.europesays.com\/se\/132472\/"},"modified":"2026-01-11T16:37:39","modified_gmt":"2026-01-11T16:37:39","slug":"regionen-borde-ha-styrt-upp-det-har-battre","status":"publish","type":"post","link":"https:\/\/www.europesays.com\/se\/132472\/","title":{"rendered":"\u201dRegionen borde ha styrt upp det h\u00e4r b\u00e4ttre\u201d"},"content":{"rendered":"<p>Namn: Linda Forsman\u00c5lder: 45 \u00e5rFavoritdryck: Kolsyrat vattenStorlek p\u00e5 dunk: 20 liter.Vad \u00e4r dina tankar om vattenkrisen?\u2013 Regionen borde ha styrt upp det h\u00e4r b\u00e4ttre, t\u00e4nkt p\u00e5 konsekvenserna och haft en plan. S\u00e5 h\u00e4r l\u00e5ngt ska det inte f\u00e5 g\u00e5. Det k\u00e4nns som att regionen inte tog varningssignalerna p\u00e5 allvar fr\u00e5n inv\u00e5nare som klagat p\u00e5 vattnet tidigare. Att man inte ager<\/p>\n","protected":false},"excerpt":{"rendered":"Namn: Linda Forsman\u00c5lder: 45 \u00e5rFavoritdryck: Kolsyrat vattenStorlek p\u00e5 dunk: 20 liter.Vad \u00e4r dina tankar om vattenkrisen?\u2013 Regionen borde&hellip;\n","protected":false},"author":2,"featured_media":132473,"comment_status":"","ping_status":"","sticky":false,"template":"","format":"standard","meta":{"footnotes":""},"categories":[12],"tags":[22,23,26,27,17,21,24,25,28,29,15,16,18,34,31,33,32,30,19,20],"class_list":{"0":"post-132472","1":"post","2":"type-post","3":"status-publish","4":"format-standard","5":"has-post-thumbnail","7":"category-sverige","8":"tag-breaking-news","9":"tag-breakingnews","10":"tag-featured-news","11":"tag-featurednews","12":"tag-headlines","13":"tag-huvudnyheter","14":"tag-latest-news","15":"tag-latestnews","16":"tag-main-news","17":"tag-mainnews","18":"tag-news","19":"tag-nyheter","20":"tag-rubriker","21":"tag-se","22":"tag-svenska","23":"tag-sverige","24":"tag-sweden","25":"tag-swedish","26":"tag-top-stories","27":"tag-topstories"},"share_on_mastodon":{"url":"https:\/\/pubeurope.com\/@se\/115877448387041606","error":""},"_links":{"self":[{"href":"https:\/\/www.europesays.com\/se\/wp-json\/wp\/v2\/posts\/132472","targetHints":{"allow":["GET"]}}],"collection":[{"href":"https:\/\/www.europesays.com\/se\/wp-json\/wp\/v2\/posts"}],"about":[{"href":"https:\/\/www.europesays.com\/se\/wp-json\/wp\/v2\/types\/post"}],"author":[{"embeddable":true,"href":"https:\/\/www.europesays.com\/se\/wp-json\/wp\/v2\/users\/2"}],"replies":[{"embeddable":true,"href":"https:\/\/www.europesays.com\/se\/wp-json\/wp\/v2\/comments?post=132472"}],"version-history":[{"count":0,"href":"https:\/\/www.europesays.com\/se\/wp-json\/wp\/v2\/posts\/132472\/revisions"}],"wp:featuredmedia":[{"embeddable":true,"href":"https:\/\/www.europesays.com\/se\/wp-json\/wp\/v2\/media\/132473"}],"wp:attachment":[{"href":"https:\/\/www.europesays.com\/se\/wp-json\/wp\/v2\/media?parent=132472"}],"wp:term":[{"taxonomy":"category","embeddable":true,"href":"https:\/\/www.europesays.com\/se\/wp-json\/wp\/v2\/categories?post=132472"},{"taxonomy":"post_tag","embeddable":true,"href":"https:\/\/www.europesays.com\/se\/wp-json\/wp\/v2\/tags?post=132472"}],"curies":[{"name":"wp","href":"https:\/\/api.w.org\/{rel}","templated":true}]}}