{"id":132488,"date":"2026-01-11T16:54:03","date_gmt":"2026-01-11T16:54:03","guid":{"rendered":"https:\/\/www.europesays.com\/se\/132488\/"},"modified":"2026-01-11T16:54:03","modified_gmt":"2026-01-11T16:54:03","slug":"missing-people-fortsatter-soka-efter-18-aringen","status":"publish","type":"post","link":"https:\/\/www.europesays.com\/se\/132488\/","title":{"rendered":"Missing People forts\u00e4tter s\u00f6ka efter 18-\u00e5ringen"},"content":{"rendered":"<p>P\u00e5 l\u00f6rdagen forts\u00e4tter s\u00f6kandet efter den 18-\u00e5ring som sedan i tisdags varit f\u00f6rsvunnen i Uddevalla. Missing Peoples insatsledare Hasse Lagervall, s\u00e4ger till P4 V\u00e4st att skallg\u00e5ng kommer att genomf\u00f6ras. <\/p>\n<p>\u2013 Vi fick precis besked fr\u00e5n polisen att de \u00f6nskar v\u00e5r medverkar \u00e4ven i\u202fdag, sa han till radiokanalen p\u00e5 morgonen. <\/p>\n<p>S\u00f6kandet \u00e4r besv\u00e4rligt eftersom det \u00e4r mycket sn\u00f6 i terr\u00e4ngen och dessutom \u00e4nnu kallare p\u00e5 l\u00f6rdagen \u00e4n under fredagen, s\u00e4ger Lagervall.<\/p>\n<p>Under fredagen meddelade polisen en mordutredning har \u00f6ppnats men att det handlar om en teknikalitet f\u00f6r att f\u00e5 tillg\u00e5ng till fler verktyg. Enligt presstalesperson Thomas Fuxborg finns fortsatt inget som tyder p\u00e5 att n\u00e5got brott har beg\u00e5tts.<\/p>\n<p>Omni \u00e4r politiskt obundna och oberoende. Vi str\u00e4var efter att ge fler perspektiv p\u00e5 nyheterna. Har du fr\u00e5gor eller synpunkter kring v\u00e5r rapportering? <a href=\"https:\/\/omni.se\/mordutredning-inledd-efter-18-aringens-forsvinnande\/a\/mailto:redaktion@omni.se\" class=\"ArticleActions_contactLink__W2F1M\" rel=\"nofollow noopener\" target=\"_blank\">Kontakta redaktionen<\/a><\/p>\n","protected":false},"excerpt":{"rendered":"P\u00e5 l\u00f6rdagen forts\u00e4tter s\u00f6kandet efter den 18-\u00e5ring som sedan i tisdags varit f\u00f6rsvunnen i Uddevalla. Missing Peoples insatsledare&hellip;\n","protected":false},"author":2,"featured_media":132489,"comment_status":"","ping_status":"","sticky":false,"template":"","format":"standard","meta":{"footnotes":""},"categories":[12],"tags":[22,23,128,26,27,17,21,24,25,28,29,13500,15,16,18,34,31,33,32,30,19,20,1677,1084],"class_list":{"0":"post-132488","1":"post","2":"type-post","3":"status-publish","4":"format-standard","5":"has-post-thumbnail","7":"category-sverige","8":"tag-breaking-news","9":"tag-breakingnews","10":"tag-brott","11":"tag-featured-news","12":"tag-featurednews","13":"tag-headlines","14":"tag-huvudnyheter","15":"tag-latest-news","16":"tag-latestnews","17":"tag-main-news","18":"tag-mainnews","19":"tag-missing-people","20":"tag-news","21":"tag-nyheter","22":"tag-rubriker","23":"tag-se","24":"tag-svenska","25":"tag-sverige","26":"tag-sweden","27":"tag-swedish","28":"tag-top-stories","29":"tag-topstories","30":"tag-uddevalla","31":"tag-vastra-gotalands-lan"},"share_on_mastodon":{"url":"https:\/\/pubeurope.com\/@se\/115877515251551666","error":""},"_links":{"self":[{"href":"https:\/\/www.europesays.com\/se\/wp-json\/wp\/v2\/posts\/132488","targetHints":{"allow":["GET"]}}],"collection":[{"href":"https:\/\/www.europesays.com\/se\/wp-json\/wp\/v2\/posts"}],"about":[{"href":"https:\/\/www.europesays.com\/se\/wp-json\/wp\/v2\/types\/post"}],"author":[{"embeddable":true,"href":"https:\/\/www.europesays.com\/se\/wp-json\/wp\/v2\/users\/2"}],"replies":[{"embeddable":true,"href":"https:\/\/www.europesays.com\/se\/wp-json\/wp\/v2\/comments?post=132488"}],"version-history":[{"count":0,"href":"https:\/\/www.europesays.com\/se\/wp-json\/wp\/v2\/posts\/132488\/revisions"}],"wp:featuredmedia":[{"embeddable":true,"href":"https:\/\/www.europesays.com\/se\/wp-json\/wp\/v2\/media\/132489"}],"wp:attachment":[{"href":"https:\/\/www.europesays.com\/se\/wp-json\/wp\/v2\/media?parent=132488"}],"wp:term":[{"taxonomy":"category","embeddable":true,"href":"https:\/\/www.europesays.com\/se\/wp-json\/wp\/v2\/categories?post=132488"},{"taxonomy":"post_tag","embeddable":true,"href":"https:\/\/www.europesays.com\/se\/wp-json\/wp\/v2\/tags?post=132488"}],"curies":[{"name":"wp","href":"https:\/\/api.w.org\/{rel}","templated":true}]}}