{"id":132504,"date":"2026-01-11T17:12:07","date_gmt":"2026-01-11T17:12:07","guid":{"rendered":"https:\/\/www.europesays.com\/se\/132504\/"},"modified":"2026-01-11T17:12:07","modified_gmt":"2026-01-11T17:12:07","slug":"irans-protester-kan-ha-vaxt-sig-for-stora-for-regimens-overlevnad","status":"publish","type":"post","link":"https:\/\/www.europesays.com\/se\/132504\/","title":{"rendered":"Irans protester kan ha v\u00e4xt sig f\u00f6r stora f\u00f6r regimens \u00f6verlevnad"},"content":{"rendered":"<p>P\u00e5 fredag \u00e4r det 47 \u00e5r sedan den sista shahen av Iran, Mohammad Reza Pahlavi, klev p\u00e5 ett flygplan och l\u00e4mnade sitt land f\u00f6r gott. D\u00e5 hade de folkliga protesterna mot hans auktorit\u00e4ra styre till sist blivit f\u00f6r stora.<\/p>\n<p>Att det blev s\u00e5 h\u00e4ngde ihop med ekonomiska faktorer som h\u00f6g inflation, v\u00e4xande arbetsl\u00f6shet och \u00f6kade klasskillnader, vilket ledde till att b\u00e5de arbetare och stora delar av medelklassen ansl\u00f6t sig till de v\u00e4nsterstudenter och konservativa religi\u00f6sa som sedan l\u00e4nge kr\u00e4vt shahens avg\u00e5ng.<\/p>\n","protected":false},"excerpt":{"rendered":"P\u00e5 fredag \u00e4r det 47 \u00e5r sedan den sista shahen av Iran, Mohammad Reza Pahlavi, klev p\u00e5 ett&hellip;\n","protected":false},"author":2,"featured_media":132505,"comment_status":"","ping_status":"","sticky":false,"template":"","format":"standard","meta":{"footnotes":""},"categories":[5],"tags":[22,23,26,27,17,21,24,25,28,29,15,16,18,34,31,33,32,30,19,20],"class_list":{"0":"post-132504","1":"post","2":"type-post","3":"status-publish","4":"format-standard","5":"has-post-thumbnail","7":"category-rubriker","8":"tag-breaking-news","9":"tag-breakingnews","10":"tag-featured-news","11":"tag-featurednews","12":"tag-headlines","13":"tag-huvudnyheter","14":"tag-latest-news","15":"tag-latestnews","16":"tag-main-news","17":"tag-mainnews","18":"tag-news","19":"tag-nyheter","20":"tag-rubriker","21":"tag-se","22":"tag-svenska","23":"tag-sverige","24":"tag-sweden","25":"tag-swedish","26":"tag-top-stories","27":"tag-topstories"},"share_on_mastodon":{"url":"https:\/\/pubeurope.com\/@se\/115877586048210964","error":""},"_links":{"self":[{"href":"https:\/\/www.europesays.com\/se\/wp-json\/wp\/v2\/posts\/132504","targetHints":{"allow":["GET"]}}],"collection":[{"href":"https:\/\/www.europesays.com\/se\/wp-json\/wp\/v2\/posts"}],"about":[{"href":"https:\/\/www.europesays.com\/se\/wp-json\/wp\/v2\/types\/post"}],"author":[{"embeddable":true,"href":"https:\/\/www.europesays.com\/se\/wp-json\/wp\/v2\/users\/2"}],"replies":[{"embeddable":true,"href":"https:\/\/www.europesays.com\/se\/wp-json\/wp\/v2\/comments?post=132504"}],"version-history":[{"count":0,"href":"https:\/\/www.europesays.com\/se\/wp-json\/wp\/v2\/posts\/132504\/revisions"}],"wp:featuredmedia":[{"embeddable":true,"href":"https:\/\/www.europesays.com\/se\/wp-json\/wp\/v2\/media\/132505"}],"wp:attachment":[{"href":"https:\/\/www.europesays.com\/se\/wp-json\/wp\/v2\/media?parent=132504"}],"wp:term":[{"taxonomy":"category","embeddable":true,"href":"https:\/\/www.europesays.com\/se\/wp-json\/wp\/v2\/categories?post=132504"},{"taxonomy":"post_tag","embeddable":true,"href":"https:\/\/www.europesays.com\/se\/wp-json\/wp\/v2\/tags?post=132504"}],"curies":[{"name":"wp","href":"https:\/\/api.w.org\/{rel}","templated":true}]}}