{"id":132510,"date":"2026-01-11T17:17:40","date_gmt":"2026-01-11T17:17:40","guid":{"rendered":"https:\/\/www.europesays.com\/se\/132510\/"},"modified":"2026-01-11T17:17:40","modified_gmt":"2026-01-11T17:17:40","slug":"sa-skyddar-du-bilbatteriet-i-kylan-enkelt-knep-som-gor-skillnad-e55-se","status":"publish","type":"post","link":"https:\/\/www.europesays.com\/se\/132510\/","title":{"rendered":"S\u00e5 skyddar du bilbatteriet i kylan \u2013 enkelt knep som g\u00f6r skillnad &#8211; e55.se"},"content":{"rendered":"<ol>\n<li><a href=\"https:\/\/news.google.com\/rss\/articles\/CBMikAFBVV95cUxQSGhVRThldm5sX1AyT0I1U1JMSnhKSEFOWHVwZFR6bGFRQVl0cnV3STFxY2xyLUE0dEt6eHk5WU55dTFMSVFJYm5XcVBobGQxZ0JsaGJoeTlScDl5eGx2NFQ4YTR4bVJjWmI3b0NvRWpOSXlJWGh5T2ItZEw2MEhkWEVkNmRfOG9jLUJiNlpWQXI?oc=5\" target=\"_blank\" rel=\"nofollow noopener\">S\u00e5 skyddar du bilbatteriet i kylan \u2013 enkelt knep som g\u00f6r skillnad<\/a>&nbsp;&nbsp;e55.se<\/li>\n<li><a href=\"https:\/\/news.google.com\/rss\/articles\/CBMiQEFVX3lxTE1haU01TDN4WXdYTzN1N2dMbjUwazNwYlVLQkgtSUVVTnNfNlphRU5XTDlieGdDV2YwMTBRVGNrdy0?oc=5\" target=\"_blank\" rel=\"nofollow noopener\">Batterier pressas h\u00e5rt i mycket kallt v\u00e4der \u2013 ett enkelt knep garanterar att bilen startar<\/a>&nbsp;&nbsp;Yle<\/li>\n<li><a href=\"https:\/\/news.google.com\/rss\/articles\/CBMinwFBVV95cUxPNGxnbWFkQUpDOFBMNjVFeVhGZTc1dHNDVW9Gb1BoNGRPaTVmWVR1S0xwbks3UXZweW1UbzNLUzF3QXktbmU0bXo2V1FiOHJvTlp1Y1BPM2ZPcGp1R0FjcXdLMFNkdVppSDlDOFFBYW5xUXZadzM1S0hEYWN2Y2JNbHBYaEpwVWJ6NWhQXzFCZGlVdnVxei1Ma21LdnhWOVk?oc=5\" target=\"_blank\" rel=\"nofollow noopener\">Batterihaverier i kylan \u2013 m\u00e5nga \u00c5rebes\u00f6kare saknar motorv\u00e4rmare<\/a>&nbsp;&nbsp;Sveriges Radio<\/li>\n<li><a href=\"https:\/\/news.google.com\/rss\/articles\/CBMibkFVX3lxTE85cDJOZGFGbEE1QjJ6NzdwUl91MTdsTTVoNDM3MS16Y3E0SnhNS1dLb2JDWTNNVnJ4OE1UNG02VnRQekJvMHc5V05pLWhJajRxZXpCWkQwUjkwMWdhXzNlSE9KZGdJMGhJSllTZVBn?oc=5\" target=\"_blank\" rel=\"nofollow noopener\">Laddj\u00e4tte varnar: Batterimyten m\u00e5nga g\u00e5tt p\u00e5<\/a>&nbsp;&nbsp;Carup.se<\/li>\n<li><a href=\"https:\/\/news.google.com\/rss\/articles\/CBMieEFVX3lxTE9veEZnRTdHRVRwdjBOclB0M0RRY3Nuc2NKaWJsclcwbFloOTNFOXUtREpMYk5yWDVJakxWNm1ERnowTjhSZFpKRUd3b1NmdWZLbTZ2VDJ5MW55YXRBZUw4dTd2cV9wU1hsN29xWGNGODB1UVRRRWZfRA?oc=5\" target=\"_blank\" rel=\"nofollow noopener\">Kylan sl\u00e5r till \u2013 b\u00e4rgaren jobbar dygnet runt<\/a>&nbsp;&nbsp;\u00d6stersunds-Posten<\/li>\n<\/ol>\n","protected":false},"excerpt":{"rendered":"S\u00e5 skyddar du bilbatteriet i kylan \u2013 enkelt knep som g\u00f6r skillnad&nbsp;&nbsp;e55.se Batterier pressas h\u00e5rt i mycket kallt&hellip;\n","protected":false},"author":2,"featured_media":132511,"comment_status":"","ping_status":"","sticky":false,"template":"","format":"standard","meta":{"footnotes":""},"categories":[65],"tags":[7202,5622,72,70,71,1310,34,31,33,32,30,12626],"class_list":{"0":"post-132510","1":"post","2":"type-post","3":"status-publish","4":"format-standard","5":"has-post-thumbnail","7":"category-ekonomi","8":"tag-batteri","9":"tag-bil","10":"tag-business","11":"tag-economy","12":"tag-ekonomi","13":"tag-elbil","14":"tag-se","15":"tag-svenska","16":"tag-sverige","17":"tag-sweden","18":"tag-swedish","19":"tag-vinter"},"share_on_mastodon":{"url":"https:\/\/pubeurope.com\/@se\/115877605759233032","error":""},"_links":{"self":[{"href":"https:\/\/www.europesays.com\/se\/wp-json\/wp\/v2\/posts\/132510","targetHints":{"allow":["GET"]}}],"collection":[{"href":"https:\/\/www.europesays.com\/se\/wp-json\/wp\/v2\/posts"}],"about":[{"href":"https:\/\/www.europesays.com\/se\/wp-json\/wp\/v2\/types\/post"}],"author":[{"embeddable":true,"href":"https:\/\/www.europesays.com\/se\/wp-json\/wp\/v2\/users\/2"}],"replies":[{"embeddable":true,"href":"https:\/\/www.europesays.com\/se\/wp-json\/wp\/v2\/comments?post=132510"}],"version-history":[{"count":0,"href":"https:\/\/www.europesays.com\/se\/wp-json\/wp\/v2\/posts\/132510\/revisions"}],"wp:featuredmedia":[{"embeddable":true,"href":"https:\/\/www.europesays.com\/se\/wp-json\/wp\/v2\/media\/132511"}],"wp:attachment":[{"href":"https:\/\/www.europesays.com\/se\/wp-json\/wp\/v2\/media?parent=132510"}],"wp:term":[{"taxonomy":"category","embeddable":true,"href":"https:\/\/www.europesays.com\/se\/wp-json\/wp\/v2\/categories?post=132510"},{"taxonomy":"post_tag","embeddable":true,"href":"https:\/\/www.europesays.com\/se\/wp-json\/wp\/v2\/tags?post=132510"}],"curies":[{"name":"wp","href":"https:\/\/api.w.org\/{rel}","templated":true}]}}