{"id":132512,"date":"2026-01-11T17:20:12","date_gmt":"2026-01-11T17:20:12","guid":{"rendered":"https:\/\/www.europesays.com\/se\/132512\/"},"modified":"2026-01-11T17:20:12","modified_gmt":"2026-01-11T17:20:12","slug":"conor-bradley-ska-opereras-vantas-missa-resten-av-sasongen-premier-league","status":"publish","type":"post","link":"https:\/\/www.europesays.com\/se\/132512\/","title":{"rendered":"Conor Bradley ska opereras &#8211; v\u00e4ntas missa resten av s\u00e4songen &#8211; Premier League"},"content":{"rendered":"<p>Liverpools Conor Bradley, 22, bars ut p\u00e5 b\u00e5r i 0-0-m\u00f6tet med Arsenal. <\/p>\n<p>Skadan \u00e4r allvarlig. <\/p>\n<p>Den regerande m\u00e4staren meddelar att backen ska genomg\u00e5 operation f\u00f6r en &#8221;betydande&#8221; kn\u00e4skada och d\u00e4refter p\u00e5b\u00f6rja sin rehab. Klubben ger ingen information om n\u00e4r han kan t\u00e4nkas vara tillbaka.<\/p>\n<p>Enligt The Times-reportern Paul Joyce och The Athletic-journalisten James Pearce blir det dock inte mer spel f\u00f6r Bradley den h\u00e4r s\u00e4songen. <\/p>\n<p>H\u00f6gerbacken st\u00e5r den h\u00e4r s\u00e4songen noterad f\u00f6r 21 framtr\u00e4danden.<\/p>\n<p>Liverpool har sedan tidigare spelare som Alexander Isak och Giovanni Leoni borta med l\u00e5ngtidsskador. <\/p>\n","protected":false},"excerpt":{"rendered":"Liverpools Conor Bradley, 22, bars ut p\u00e5 b\u00e5r i 0-0-m\u00f6tet med Arsenal. Skadan \u00e4r allvarlig. Den regerande m\u00e4staren&hellip;\n","protected":false},"author":2,"featured_media":132513,"comment_status":"","ping_status":"","sticky":false,"template":"","format":"standard","meta":{"footnotes":""},"categories":[5],"tags":[22,23,26,27,17,21,24,25,28,29,15,16,18,34,31,33,32,30,19,20],"class_list":{"0":"post-132512","1":"post","2":"type-post","3":"status-publish","4":"format-standard","5":"has-post-thumbnail","7":"category-rubriker","8":"tag-breaking-news","9":"tag-breakingnews","10":"tag-featured-news","11":"tag-featurednews","12":"tag-headlines","13":"tag-huvudnyheter","14":"tag-latest-news","15":"tag-latestnews","16":"tag-main-news","17":"tag-mainnews","18":"tag-news","19":"tag-nyheter","20":"tag-rubriker","21":"tag-se","22":"tag-svenska","23":"tag-sverige","24":"tag-sweden","25":"tag-swedish","26":"tag-top-stories","27":"tag-topstories"},"share_on_mastodon":{"url":"https:\/\/pubeurope.com\/@se\/115877617518683800","error":""},"_links":{"self":[{"href":"https:\/\/www.europesays.com\/se\/wp-json\/wp\/v2\/posts\/132512","targetHints":{"allow":["GET"]}}],"collection":[{"href":"https:\/\/www.europesays.com\/se\/wp-json\/wp\/v2\/posts"}],"about":[{"href":"https:\/\/www.europesays.com\/se\/wp-json\/wp\/v2\/types\/post"}],"author":[{"embeddable":true,"href":"https:\/\/www.europesays.com\/se\/wp-json\/wp\/v2\/users\/2"}],"replies":[{"embeddable":true,"href":"https:\/\/www.europesays.com\/se\/wp-json\/wp\/v2\/comments?post=132512"}],"version-history":[{"count":0,"href":"https:\/\/www.europesays.com\/se\/wp-json\/wp\/v2\/posts\/132512\/revisions"}],"wp:featuredmedia":[{"embeddable":true,"href":"https:\/\/www.europesays.com\/se\/wp-json\/wp\/v2\/media\/132513"}],"wp:attachment":[{"href":"https:\/\/www.europesays.com\/se\/wp-json\/wp\/v2\/media?parent=132512"}],"wp:term":[{"taxonomy":"category","embeddable":true,"href":"https:\/\/www.europesays.com\/se\/wp-json\/wp\/v2\/categories?post=132512"},{"taxonomy":"post_tag","embeddable":true,"href":"https:\/\/www.europesays.com\/se\/wp-json\/wp\/v2\/tags?post=132512"}],"curies":[{"name":"wp","href":"https:\/\/api.w.org\/{rel}","templated":true}]}}