{"id":132518,"date":"2026-01-11T17:29:07","date_gmt":"2026-01-11T17:29:07","guid":{"rendered":"https:\/\/www.europesays.com\/se\/132518\/"},"modified":"2026-01-11T17:29:07","modified_gmt":"2026-01-11T17:29:07","slug":"tre-svenska-pallplatser-i-oberhof-svenskt-skidskytte","status":"publish","type":"post","link":"https:\/\/www.europesays.com\/se\/132518\/","title":{"rendered":"Tre svenska pallplatser i Oberhof! &#8211; Svenskt Skidskytte"},"content":{"rendered":"<ol>\n<li><a href=\"https:\/\/news.google.com\/rss\/articles\/CBMimwFBVV95cUxPWjZlRHBwRTRKRUN2OHVadWpHdWlJRmpINGZFWkc2aGx6T2tnNmgxMzkwTTkyQVFibFJOZXViUUhOUmZkZ1RYNldGVzRwa09IMklONWN1b2JpazBnbzZRNjZCaWVhZ0JfZHdFeU9PMHZwNUdjUk5HSWJjTkk1cUlVczhjNC1XSlA4bExKZUROd3I0aDJMamloaGZpWQ?oc=5\" target=\"_blank\" rel=\"nofollow noopener\">Tre svenska pallplatser i Oberhof!<\/a>&nbsp;&nbsp;Svenskt Skidskytte<\/li>\n<li><a href=\"https:\/\/news.google.com\/rss\/articles\/CBMifkFVX3lxTE4tNG5FRGtfdUpUYWRLczNONTVVcGJja0xxVXBrM1pjN1IweVVqblprRDRUckJGVzREOVRrbWU0SGMwTXluWU0yMEFISnJmSTJJTjZaZWdWWVR3UHZ2WVE1SW8zcGtVYVkxR05td3I3Z1RVTV92SzdraHFlenJ1QQ?oc=5\" target=\"_blank\" rel=\"nofollow noopener\">Succ\u00e9 f\u00f6r Elvira \u00d6berg i Oberhof<\/a>&nbsp;&nbsp;Aftonbladet<\/li>\n<li><a href=\"https:\/\/news.google.com\/rss\/articles\/CBMipwFBVV95cUxQbEoxcVJqZnhQVDlXaUh3Z3dObEE0aGRfWlBUei1vV25vYU5RUXBiRHBNT0hoZjcyZnVmQzJ5MHJyVW40QU04UXdEUFdMWDh5bkFkOWVvRE1CWURLeU1vSnp5djdoV0VEOTdoQ1IwN2F3S3NaRF9DNEFHbHFtbUtNNUU1TXc5cndscnhzNFdqeWpCMXpRUGtScVpENkNLNXNOQ1VoczJQVQ?oc=5\" target=\"_blank\" rel=\"nofollow noopener\">Skidskytte: Elvira \u00d6berg tar hem segern i jaktstarten \u2013 \u00e4r n\u00e4st b\u00e4st genom tiderna<\/a>&nbsp;&nbsp;SVT Nyheter<\/li>\n<li><a href=\"https:\/\/news.google.com\/rss\/articles\/CBMioAFBVV95cUxOellTSTdVYnpodzZKVVVneGJod1U2bFBVVUJKYjNkYTdUc2p5cnI5LWdLdjNDWURRSVBicVJqTWVOaHV5c1JXNVZDY3NyMzF6SkhEb2F2MHVUSzJNbHdsVXZDM3hlZm5TTkpULVdMR2g0QmRaNFhHeWRmd1JvZUlnV0c5ZndUc1FiMW5wam5NY1g2V0F0VGZaeWJFZVFBRnQ2?oc=5\" target=\"_blank\" rel=\"nofollow noopener\">Elvira \u00d6berg om systersucc\u00e9n: \u201dEtt tag sedan vi delade prispall\u201d<\/a>&nbsp;&nbsp;Sveriges Radio<\/li>\n<li><a href=\"https:\/\/news.google.com\/rss\/articles\/CBMijAFBVV95cUxNMVVaeUJCR1BpR19yZGZxbnpITk1HX2JsRmx4SHRmVXdHeWZqYWxPSUtKQWJDa1ZYWkJuV3puVWxPaWVTVWlhVWJadVZEQ0xrWDcyZkpSeDBUUmQyRTFtVGhfLUpkcjI3S1dmd3ZZOWV6LTU3RktQNUZOYVN0NEktcC1PV3pwak1WejMxQg?oc=5\" target=\"_blank\" rel=\"nofollow noopener\">Succ\u00e9n \u2013 n\u00e4st b\u00e4st n\u00e5gonsin<\/a>&nbsp;&nbsp;Expressen<\/li>\n<\/ol>\n","protected":false},"excerpt":{"rendered":"Tre svenska pallplatser i Oberhof!&nbsp;&nbsp;Svenskt Skidskytte Succ\u00e9 f\u00f6r Elvira \u00d6berg i Oberhof&nbsp;&nbsp;Aftonbladet Skidskytte: Elvira \u00d6berg tar hem segern&hellip;\n","protected":false},"author":2,"featured_media":132519,"comment_status":"","ping_status":"","sticky":false,"template":"","format":"standard","meta":{"footnotes":""},"categories":[5],"tags":[22,23,26,27,17,21,24,25,28,29,15,16,18,34,31,33,32,30,19,20],"class_list":{"0":"post-132518","1":"post","2":"type-post","3":"status-publish","4":"format-standard","5":"has-post-thumbnail","7":"category-rubriker","8":"tag-breaking-news","9":"tag-breakingnews","10":"tag-featured-news","11":"tag-featurednews","12":"tag-headlines","13":"tag-huvudnyheter","14":"tag-latest-news","15":"tag-latestnews","16":"tag-main-news","17":"tag-mainnews","18":"tag-news","19":"tag-nyheter","20":"tag-rubriker","21":"tag-se","22":"tag-svenska","23":"tag-sverige","24":"tag-sweden","25":"tag-swedish","26":"tag-top-stories","27":"tag-topstories"},"share_on_mastodon":{"url":"https:\/\/pubeurope.com\/@se\/115877652930332245","error":""},"_links":{"self":[{"href":"https:\/\/www.europesays.com\/se\/wp-json\/wp\/v2\/posts\/132518","targetHints":{"allow":["GET"]}}],"collection":[{"href":"https:\/\/www.europesays.com\/se\/wp-json\/wp\/v2\/posts"}],"about":[{"href":"https:\/\/www.europesays.com\/se\/wp-json\/wp\/v2\/types\/post"}],"author":[{"embeddable":true,"href":"https:\/\/www.europesays.com\/se\/wp-json\/wp\/v2\/users\/2"}],"replies":[{"embeddable":true,"href":"https:\/\/www.europesays.com\/se\/wp-json\/wp\/v2\/comments?post=132518"}],"version-history":[{"count":0,"href":"https:\/\/www.europesays.com\/se\/wp-json\/wp\/v2\/posts\/132518\/revisions"}],"wp:featuredmedia":[{"embeddable":true,"href":"https:\/\/www.europesays.com\/se\/wp-json\/wp\/v2\/media\/132519"}],"wp:attachment":[{"href":"https:\/\/www.europesays.com\/se\/wp-json\/wp\/v2\/media?parent=132518"}],"wp:term":[{"taxonomy":"category","embeddable":true,"href":"https:\/\/www.europesays.com\/se\/wp-json\/wp\/v2\/categories?post=132518"},{"taxonomy":"post_tag","embeddable":true,"href":"https:\/\/www.europesays.com\/se\/wp-json\/wp\/v2\/tags?post=132518"}],"curies":[{"name":"wp","href":"https:\/\/api.w.org\/{rel}","templated":true}]}}