{"id":132520,"date":"2026-01-11T17:31:14","date_gmt":"2026-01-11T17:31:14","guid":{"rendered":"https:\/\/www.europesays.com\/se\/132520\/"},"modified":"2026-01-11T17:31:14","modified_gmt":"2026-01-11T17:31:14","slug":"karleken-chockad-av-mats-sundins-lyxhus","status":"publish","type":"post","link":"https:\/\/www.europesays.com\/se\/132520\/","title":{"rendered":"K\u00e4rleken chockad av Mats Sundins lyxhus"},"content":{"rendered":"<p>Sp\u00e5ren fr\u00e5n Mats Sundins succ\u00e9bolag leder till en lyxadress i Toronto.<\/p>\n<p>F\u00f6retaget g\u00f6r nu ett ekonomiskt j\u00e4ttelyft med flera miljoner kronor i vinst.<\/p>\n<p>\u2013\u00a0Jag har en finansiell situation d\u00e4r jag kan v\u00e4lja att g\u00f6ra saker som jag sj\u00e4lv tycker \u00e4r kul, s\u00e4ger hockeyikonen.<\/p>\n<p><img   alt=\"\"\/><\/p>\n<p>Mats Sundin dyker snart upp som expert i OS.<\/p>\n<p>Foto: JENS CHRISTIAN<\/p>\n<p>\u00d6ppna bild i helsk\u00e4rm<\/p>\n<p>OS-guld, VM-guld, fr\u00e4msta svenska po\u00e4ngg\u00f6rare i NHL genom tiderna, och den enda fr\u00e5n Sverige som gjort \u00f6ver 500 m\u00e5l i v\u00e4rldens b\u00e4sta hockeyliga.<\/p>\n<p>Artikeln i korthet<\/p>\n<p> Hockeyikonen Mats Sundin \u00e5terv\u00e4nder till rampljuset, som expert i HBO Max under OS i februari.<\/p>\n<p> Som f\u00f6retagare har \u201dSudden\u201d \u00f6kat sitt bolags oms\u00e4ttning till n\u00e4stan 7 miljoner kronor f\u00f6rra \u00e5ret.<\/p>\n<p> Sundin f\u00f6rklarar nu bolagsnamnet, som kopplas till hans tidigare adress i Toronto.<\/p>\n<p>Visa mer<\/p>\n<p><a href=\"https:\/\/www.expressen.se\/tagg\/person\/mats-sundin\/\" class=\"\" rel=\"nofollow noopener\" target=\"_blank\">Mats Sundin<\/a> gick sin egen v\u00e4g under hockeykarri\u00e4ren. Det har han gjort \u00e4ven efter\u00e5t.<\/p>\n<p>Medan m\u00e5nga andra blivit kvar inom sporten har \u201dSudden\u201d till stor del f\u00f6rsvunnit fr\u00e5n rampljuset.\u00a0<\/p>\n<p>54-\u00e5ringen har inte ens sociala medier.\u00a0<\/p>\n<p>\u2013 Haha, jag tillh\u00f6r v\u00e4l en generation d\u00e4r det inte blivit aktuellt f\u00f6r mig sj\u00e4lv. Jag har inte haft n\u00e5got intresse av det och det har aldrig varit viktigt f\u00f6r mig, s\u00e4ger Mats Sundin.<\/p>\n<p><strong>S\u00e5 vad har du gjort sedan du slutade spela?<\/strong><\/p>\n<p>\u2013\u00a0Jag har blivit sm\u00e5barnsf\u00f6r\u00e4lder efter karri\u00e4ren, med tre barn d\u00e4r hemma. Det \u00e4r det som upptagit den st\u00f6rsta delen av min tid.<\/p>\n<p>I februari syns Sundin som hockeyexpert f\u00f6r HBO Max under vinter-OS, men till vardags \u00e4r han f\u00f6rutom familjefar ocks\u00e5 f\u00f6retagare och entrepren\u00f6r.<\/p>\n<p>Han <a href=\"https:\/\/www.expressen.se\/sport\/hockey\/nhl\/mats-sundin-om-pengarna-han-tjanade-under-nhl-karriaren\/\" rel=\"nofollow noopener\" target=\"_blank\">tj\u00e4nade ungef\u00e4r 830 miljoner kronor p\u00e5 sin NHL-karri\u00e4r<\/a> och har valt att aktivt investera mycket av det.\u00a0<\/p>\n<p>Travsucc\u00e9n har gett miljonutdelning<\/p>\n<p>Intresset f\u00f6r digital teknikutveckling och folkh\u00e4lsa \u00e5terspeglas i hans bolagsengagemang \u2013 bland annat som grundare och ordf\u00f6rande i f\u00f6retaget IMR, som arbetar f\u00f6r att fr\u00e4mja folkh\u00e4lsan p\u00e5 arbetsplatser.<\/p>\n<p>Sundin redovisar, genom sitt moderbolag Dunvegan Road, investeringar i IMR som uppg\u00e5r till n\u00e4stan 27 miljoner i det senaste bokslutet. V\u00e4rdet p\u00e5 investeringarna i teknikf\u00f6retaget Smartify uppg\u00e5r till 18,5 miljoner kronor.<\/p>\n<p>\u2013\u00a0Jag var i NHL under 18 \u00e5r, och en snittkarri\u00e4r i NHL \u00e4r fem \u00e5r l\u00e5ng. I och med det har jag en finansiell situation d\u00e4r jag kan v\u00e4lja att g\u00f6ra saker som jag sj\u00e4lv tycker \u00e4r kul, med bra syften och med m\u00e4nniskor jag gillar.<\/p>\n<p><img loading=\"lazy\"   alt=\"\"\/><\/p>\n<p>Mats Sundin med familjen i samband med pristudelningen f\u00f6r 2025 \u00e5rs B\u00f6rje Salming Courage Award.<\/p>\n<p>Foto: Claudio Bresciani\/TT \/ TT NYHETSBYR\u00c5N<\/p>\n<p>\u00d6ppna bild i helsk\u00e4rm<\/p>\n<p>D\u00e4rtill har han ett stort travintresse, som gett utdelning ekonomiskt.<\/p>\n<p>Investeringarna i Stall Droad v\u00e4rderas till ungef\u00e4r en miljon kronor. D\u00e4r \u00e5terfinns bland annat stj\u00e4rnh\u00e4sten Borups Victory, som sprungit in 14 miljoner kronor och startar i Prix d\u2019Amerique i januari.<\/p>\n<p>\u2013 Trav har alltid funnits d\u00e4r f\u00f6r mig, s\u00e4ger \u201dSudden\u201d.<\/p>\n<p>\u2013\u00a0Jag har varit involverad i n\u00e4stan 30 \u00e5r snart, och det \u00e4r v\u00e4l enda g\u00e5ngen man f\u00e5r tillbaka den h\u00e4r riktiga t\u00e4vlingsk\u00e4nslan som man hade n\u00e4r man spelade ishockey. Det \u00e4r v\u00e4ldigt kul, jag \u00e4r intresserad av djur och h\u00e4star \u00e4r sp\u00e4nnande.<\/p>\n<p>F\u00f6rklaringen till bolagsnamnet<\/p>\n<p>Under 2024 sl\u00e4ppte Mats Sundin ocks\u00e5 sin sj\u00e4lvbiografi \u201dTur och retur \u2013 min ber\u00e4ttelse\u201d som gav honom ett rej\u00e4lt klirr i kassan.\u00a0<\/p>\n<p>Annons<\/p>\n<p>Bolaget Dunvegan Roads oms\u00e4ttning \u00f6kade med 827 procent till n\u00e4stan 6,9 miljoner kronor och gjorde ett plusresultat p\u00e5 n\u00e4stan sex miljoner kronor. I verksamhetsber\u00e4ttelsen h\u00e4nvisas till att \u201doms\u00e4ttnings\u00f6kningen beror p\u00e5 int\u00e4kter fr\u00e5n bokf\u00f6rs\u00e4ljning\u201d.<\/p>\n<p>Namnet p\u00e5 bolaget, som Sundin registrerade i Sverige 2009, h\u00e4rstammar fr\u00e5n hans liv i Toronto.<\/p>\n<p>\u2013 Dunvegan Road \u00e4r en gatuadress som jag bodde p\u00e5 n\u00e4r jag bodde d\u00e4r. S\u00e5 n\u00e4r jag flyttade hem f\u00f6r att starta en aktivitet blev det s\u00e5, s\u00e4ger Sundin.<\/p>\n<p>Adressen ligger i ett av stadens mest exklusiva omr\u00e5den och \u00e5terkommer i Sundins sj\u00e4lvbiografi, d\u00e4r han ber\u00e4ttar om f\u00f6rsta g\u00e5ngen hustrun Josephine kom p\u00e5 bes\u00f6k.<\/p>\n<p>\u201dHon gjorde stora \u00f6gon n\u00e4r vi k\u00f6rde in p\u00e5 uppfarten. Det slog mig att vi nog aldrig hade pratat om huset jag bodde i. Jag var tvungen att f\u00f6rklara att jag inte bara hade en l\u00e4genhet i det, utan att jag faktiskt \u00e4gde hela huset\u201d, st\u00e5r det i boken.<\/p>\n<p><img loading=\"lazy\"   alt=\"\"\/><\/p>\n<p>Sundins gamla hus i Toronto p\u00e5 Dunvegan Road.<\/p>\n<p>Foto: Dave Abel \/ Toronto Sun<\/p>\n<p>\u00d6ppna bild i helsk\u00e4rmN\u00e4ra relationen till Kanada<\/p>\n<p>I dag bor paret tillsammans med sina tre barn i en villa i Djursholm.\u00a0<\/p>\n<p>Men \u00e5ren i Kanada har satt sina sp\u00e5r p\u00e5 fler s\u00e4tt \u00e4n bolagsnamnet.<\/p>\n<p>Sundin tillbringade 13 av sina 18 NHL-s\u00e4songer i Toronto Maple Leafs. Under majoriteten av sin tid d\u00e4r var han lagkapten som den f\u00f6rsta europeiska spelaren i organisationen att b\u00e4ra C:et p\u00e5 br\u00f6stet (B\u00f6rje Salming fick samma f\u00f6rfr\u00e5gan under sin karri\u00e4r men tackade nej).<\/p>\n<p>\u2013\u00a0Jag anser att Toronto och Kanada \u00e4r mitt andra hem. Jag tillbringade 20 \u00e5r d\u00e4r och n\u00e4r jag till slut flyttade hem hade jag bott n\u00e4stan hela mitt vuxna liv d\u00e4r, s\u00e4ger han.<\/p>\n<p>\u2013 Det \u00e4r som att komma hem n\u00e4r jag kommer dit. Jag har en v\u00e4ldigt bra relation med Kanada.<\/p>\n<p><img loading=\"lazy\"   alt=\"\"\/><\/p>\n<p>Sundin f\u00f6renar Sverige och Kanada.<\/p>\n<p>Foto: Jonas Ekstr\u00f6mer\/TT \/ TT NYHETSBYR\u00c5N<\/p>\n<p>\u00d6ppna bild i helsk\u00e4rm<\/p>\n<p>Det blev tydligt n\u00e4r det svenska kungaparet och energiminister Ebba Busch nyligen var p\u00e5 ett statsbes\u00f6k i Kanada.\u00a0<\/p>\n<p>De utbytte bland annat hockeytr\u00f6jor med Kanadas premi\u00e4rminister Mark Carney, som fick ta emot en Tre Kronor-tr\u00f6ja med nummer 13 och namnet Sundin p\u00e5 ryggen.<\/p>\n<p>\u2013\u00a0Jag fick den bilden skickad till mig, s\u00e4ger Sundin med ett leende.<\/p>\n<p>\u2013 Det har g\u00e5tt s\u00e5 l\u00e5ng tid sedan man spelade sj\u00e4lv men det \u00e4r klart att man k\u00e4nner sig stolt n\u00e4r man ser den. Man har l\u00e4mnat n\u00e5got avtryck i b\u00e5de Kanada och Sverige.<\/p>\n","protected":false},"excerpt":{"rendered":"Sp\u00e5ren fr\u00e5n Mats Sundins succ\u00e9bolag leder till en lyxadress i Toronto. F\u00f6retaget g\u00f6r nu ett ekonomiskt j\u00e4ttelyft med&hellip;\n","protected":false},"author":2,"featured_media":132521,"comment_status":"","ping_status":"","sticky":false,"template":"","format":"standard","meta":{"footnotes":""},"categories":[68],"tags":[3978,34,255,111,110,31,33,32,30],"class_list":{"0":"post-132520","1":"post","2":"type-post","3":"status-publish","4":"format-standard","5":"has-post-thumbnail","7":"category-sport","8":"tag-person-mats-sundin","9":"tag-se","10":"tag-sections-ishockey","11":"tag-sport","12":"tag-sports","13":"tag-svenska","14":"tag-sverige","15":"tag-sweden","16":"tag-swedish"},"share_on_mastodon":{"url":"https:\/\/pubeurope.com\/@se\/115877660755045297","error":""},"_links":{"self":[{"href":"https:\/\/www.europesays.com\/se\/wp-json\/wp\/v2\/posts\/132520","targetHints":{"allow":["GET"]}}],"collection":[{"href":"https:\/\/www.europesays.com\/se\/wp-json\/wp\/v2\/posts"}],"about":[{"href":"https:\/\/www.europesays.com\/se\/wp-json\/wp\/v2\/types\/post"}],"author":[{"embeddable":true,"href":"https:\/\/www.europesays.com\/se\/wp-json\/wp\/v2\/users\/2"}],"replies":[{"embeddable":true,"href":"https:\/\/www.europesays.com\/se\/wp-json\/wp\/v2\/comments?post=132520"}],"version-history":[{"count":0,"href":"https:\/\/www.europesays.com\/se\/wp-json\/wp\/v2\/posts\/132520\/revisions"}],"wp:featuredmedia":[{"embeddable":true,"href":"https:\/\/www.europesays.com\/se\/wp-json\/wp\/v2\/media\/132521"}],"wp:attachment":[{"href":"https:\/\/www.europesays.com\/se\/wp-json\/wp\/v2\/media?parent=132520"}],"wp:term":[{"taxonomy":"category","embeddable":true,"href":"https:\/\/www.europesays.com\/se\/wp-json\/wp\/v2\/categories?post=132520"},{"taxonomy":"post_tag","embeddable":true,"href":"https:\/\/www.europesays.com\/se\/wp-json\/wp\/v2\/tags?post=132520"}],"curies":[{"name":"wp","href":"https:\/\/api.w.org\/{rel}","templated":true}]}}