{"id":132524,"date":"2026-01-11T17:37:13","date_gmt":"2026-01-11T17:37:13","guid":{"rendered":"https:\/\/www.europesays.com\/se\/132524\/"},"modified":"2026-01-11T17:37:13","modified_gmt":"2026-01-11T17:37:13","slug":"radsla-bland-aldre-i-huskvarna-agnetha-80-fruktansvart-obehagligt","status":"publish","type":"post","link":"https:\/\/www.europesays.com\/se\/132524\/","title":{"rendered":"R\u00e4dsla bland \u00e4ldre i Huskvarna \u2013 Agnetha, 80: \u201dFruktansv\u00e4rt obehagligt\u201d"},"content":{"rendered":"<p>Polisen arbetar nu febrilt efter ett brutalt inbrott i Huskvarna, <a href=\"https:\/\/www.svt.se\/nyheter\/lokalt\/jonkoping\/polisen-soker-misstankta-efter-brutalt-inbrott-i-huskvarna\" rel=\"nofollow noopener\" target=\"_blank\">d\u00e4r en kvinna i 85-\u00e5rs\u00e5ldern ska ha utsatts f\u00f6r f\u00f6rs\u00f6k till grov v\u00e5ldt\u00e4kt. <\/a>Detta \u00e4r ett hett samtals\u00e4mne bland inte minst \u00e4ldre p\u00e5 orten.<\/p>\n<p>Agnetha Tryggmer, 80, \u00e4r aktiv medlem i PRO Huskvarna.<\/p>\n<p>\u2013 Nu kryper det s\u00e5 fruktansv\u00e4rt n\u00e4ra oss, s\u00e4ger hon.<\/p>\n<p>I videoklippet ovan h\u00f6r du henne ber\u00e4tta mer om hur de \u00e4ldre i Huskvarna p\u00e5verkas av den senaste tidens brott. <\/p>\n<p>Nedan h\u00f6r du polisen om brotten.<\/p>\n","protected":false},"excerpt":{"rendered":"Polisen arbetar nu febrilt efter ett brutalt inbrott i Huskvarna, d\u00e4r en kvinna i 85-\u00e5rs\u00e5ldern ska ha utsatts&hellip;\n","protected":false},"author":2,"featured_media":132525,"comment_status":"","ping_status":"","sticky":false,"template":"","format":"standard","meta":{"footnotes":""},"categories":[5],"tags":[22,23,26,27,17,21,24,25,28,29,15,16,18,34,31,33,32,30,19,20],"class_list":{"0":"post-132524","1":"post","2":"type-post","3":"status-publish","4":"format-standard","5":"has-post-thumbnail","7":"category-rubriker","8":"tag-breaking-news","9":"tag-breakingnews","10":"tag-featured-news","11":"tag-featurednews","12":"tag-headlines","13":"tag-huvudnyheter","14":"tag-latest-news","15":"tag-latestnews","16":"tag-main-news","17":"tag-mainnews","18":"tag-news","19":"tag-nyheter","20":"tag-rubriker","21":"tag-se","22":"tag-svenska","23":"tag-sverige","24":"tag-sweden","25":"tag-swedish","26":"tag-top-stories","27":"tag-topstories"},"share_on_mastodon":{"url":"https:\/\/pubeurope.com\/@se\/115877684396101721","error":""},"_links":{"self":[{"href":"https:\/\/www.europesays.com\/se\/wp-json\/wp\/v2\/posts\/132524","targetHints":{"allow":["GET"]}}],"collection":[{"href":"https:\/\/www.europesays.com\/se\/wp-json\/wp\/v2\/posts"}],"about":[{"href":"https:\/\/www.europesays.com\/se\/wp-json\/wp\/v2\/types\/post"}],"author":[{"embeddable":true,"href":"https:\/\/www.europesays.com\/se\/wp-json\/wp\/v2\/users\/2"}],"replies":[{"embeddable":true,"href":"https:\/\/www.europesays.com\/se\/wp-json\/wp\/v2\/comments?post=132524"}],"version-history":[{"count":0,"href":"https:\/\/www.europesays.com\/se\/wp-json\/wp\/v2\/posts\/132524\/revisions"}],"wp:featuredmedia":[{"embeddable":true,"href":"https:\/\/www.europesays.com\/se\/wp-json\/wp\/v2\/media\/132525"}],"wp:attachment":[{"href":"https:\/\/www.europesays.com\/se\/wp-json\/wp\/v2\/media?parent=132524"}],"wp:term":[{"taxonomy":"category","embeddable":true,"href":"https:\/\/www.europesays.com\/se\/wp-json\/wp\/v2\/categories?post=132524"},{"taxonomy":"post_tag","embeddable":true,"href":"https:\/\/www.europesays.com\/se\/wp-json\/wp\/v2\/tags?post=132524"}],"curies":[{"name":"wp","href":"https:\/\/api.w.org\/{rel}","templated":true}]}}