{"id":132526,"date":"2026-01-11T17:39:27","date_gmt":"2026-01-11T17:39:27","guid":{"rendered":"https:\/\/www.europesays.com\/se\/132526\/"},"modified":"2026-01-11T17:39:27","modified_gmt":"2026-01-11T17:39:27","slug":"hv71-med-viktig-seger-mot-modo-hockey","status":"publish","type":"post","link":"https:\/\/www.europesays.com\/se\/132526\/","title":{"rendered":"HV71 med viktig seger mot MoDo Hockey"},"content":{"rendered":"<p class=\"paragraph text-left\"> Den f\u00f6rsta perioden pr\u00e4glades av ett intensivt HV71 som satte h\u00e5rd press direkt. Redan tidigt kom utdelningen n\u00e4r Julia Shaunessy gav HV71 ledningen med 0\u20131, och kort d\u00e4refter ut\u00f6kade Rachel Weiss till 0\u20132. MoDo lyckades dock reducera i slutminuterna av perioden, men HV71 kunde \u00e4nd\u00e5 g\u00e5 till pausvila i ledning med 2\u20131. <\/p>\n<p class=\"paragraph text-left\"> Andra perioden blev j\u00e4mnare med m\u00e5lchanser \u00e5t b\u00e5da h\u00e5ll. B\u00e5da lagen skapade m\u00f6jligheter, men det var HV71 som \u00e5terigen tog vara p\u00e5 sitt l\u00e4ge. Julia Shaunessy gjorde sitt andra m\u00e5l f\u00f6r matchen och ut\u00f6kade ledningen till 1\u20133, vilket ocks\u00e5 blev periodens slutresultat. <\/p>\n<p class=\"paragraph text-left\"> I b\u00f6rjan av tredje perioden fortsatte HV71 sin starka insats n\u00e4r Julia Shaunessy fullbordade sitt hattrick och \u00f6kade p\u00e5 till 1\u20134. MoDo fick d\u00e4refter chansen i powerplay och reducerade till 2\u20134, vilket gav hemmalaget nytt hopp. MoDo tryckte p\u00e5 f\u00f6r ytterligare m\u00e5l, men HV71 stod emot och kunde ist\u00e4llet punktera matchen n\u00e4r Alva Johansson satte 2\u20135 i \u00f6ppen kasse. Matchen slutade 5\u20132 till g\u00e4stande HV71 <\/p>\n<p class=\"paragraph text-left\"> <strong>M\u00e5len\u00a0<\/strong> <\/p>\n<p class=\"paragraph text-left\"> <strong>Period 1<\/strong> <\/p>\n<p class=\"paragraph text-left\"> 04:11, 0-1, HV71- Julia Shaunessy (Hj\u00e4lm) <\/p>\n<p class=\"paragraph text-left\"> 04:43, 0-2, HV71 &#8211; Rachel Weiss (Bobyck)\u00a0 <\/p>\n<p class=\"paragraph text-left\"> 16:36, 1-2, MoDo &#8211; Lovisa Engstr\u00f6m (Pedersen)\u00a0 <\/p>\n<p class=\"paragraph text-left\"> <strong>Period 2\u00a0<\/strong> <\/p>\n<p class=\"paragraph text-left\"> 26:59, 1-3, HV71 &#8211; Julia Shaunessy (Solberg)\u00a0 <\/p>\n<p class=\"paragraph text-left\"> <strong>Period 3\u00a0<\/strong> <\/p>\n<p class=\"paragraph text-left\"> 47:04, 1-4, HV71 &#8211; Julia Shaunessy (Van De Leest)\u00a0 <\/p>\n<p class=\"paragraph text-left\"> 53:35, 2-4 , MoDo &#8211; Sarah Marchand (Hedqvist, Vorster) PP <\/p>\n<p class=\"paragraph text-left\"> 59:18, 2-5, HV71 &#8211; Alva Johansson (Bobyck) <\/p>\n<p class=\"paragraph text-left\"> Skott:\u00a0 33 (MoDo) &#8211; 24 (HV71)\u00a0 <\/p>\n<p class=\"paragraph text-left\"> Publik: 188 <\/p>\n","protected":false},"excerpt":{"rendered":"Den f\u00f6rsta perioden pr\u00e4glades av ett intensivt HV71 som satte h\u00e5rd press direkt. Redan tidigt kom utdelningen n\u00e4r&hellip;\n","protected":false},"author":2,"featured_media":132527,"comment_status":"","ping_status":"","sticky":false,"template":"","format":"standard","meta":{"footnotes":""},"categories":[68],"tags":[34,111,110,31,33,32,30],"class_list":{"0":"post-132526","1":"post","2":"type-post","3":"status-publish","4":"format-standard","5":"has-post-thumbnail","7":"category-sport","8":"tag-se","9":"tag-sport","10":"tag-sports","11":"tag-svenska","12":"tag-sverige","13":"tag-sweden","14":"tag-swedish"},"share_on_mastodon":{"url":"https:\/\/pubeurope.com\/@se\/115877692214923401","error":""},"_links":{"self":[{"href":"https:\/\/www.europesays.com\/se\/wp-json\/wp\/v2\/posts\/132526","targetHints":{"allow":["GET"]}}],"collection":[{"href":"https:\/\/www.europesays.com\/se\/wp-json\/wp\/v2\/posts"}],"about":[{"href":"https:\/\/www.europesays.com\/se\/wp-json\/wp\/v2\/types\/post"}],"author":[{"embeddable":true,"href":"https:\/\/www.europesays.com\/se\/wp-json\/wp\/v2\/users\/2"}],"replies":[{"embeddable":true,"href":"https:\/\/www.europesays.com\/se\/wp-json\/wp\/v2\/comments?post=132526"}],"version-history":[{"count":0,"href":"https:\/\/www.europesays.com\/se\/wp-json\/wp\/v2\/posts\/132526\/revisions"}],"wp:featuredmedia":[{"embeddable":true,"href":"https:\/\/www.europesays.com\/se\/wp-json\/wp\/v2\/media\/132527"}],"wp:attachment":[{"href":"https:\/\/www.europesays.com\/se\/wp-json\/wp\/v2\/media?parent=132526"}],"wp:term":[{"taxonomy":"category","embeddable":true,"href":"https:\/\/www.europesays.com\/se\/wp-json\/wp\/v2\/categories?post=132526"},{"taxonomy":"post_tag","embeddable":true,"href":"https:\/\/www.europesays.com\/se\/wp-json\/wp\/v2\/tags?post=132526"}],"curies":[{"name":"wp","href":"https:\/\/api.w.org\/{rel}","templated":true}]}}