{"id":132528,"date":"2026-01-11T17:46:12","date_gmt":"2026-01-11T17:46:12","guid":{"rendered":"https:\/\/www.europesays.com\/se\/132528\/"},"modified":"2026-01-11T17:46:12","modified_gmt":"2026-01-11T17:46:12","slug":"trump-laser-in-oljeintakter-fran-venezuela","status":"publish","type":"post","link":"https:\/\/www.europesays.com\/se\/132528\/","title":{"rendered":"Trump l\u00e5ser in oljeint\u00e4kter fr\u00e5n Venezuela"},"content":{"rendered":"<p>\t\t\t\t<img decoding=\"async\" class=\"figure-img img-fluid\"  src=\"https:\/\/www.europesays.com\/se\/wp-content\/uploads\/2026\/01\/1768153572_562_bilder.tn.se.jpeg\" alt=\"\" itemprop=\"image\"\/><\/p>\n<p>\t\t\t\t\t\t\t\t\tPresident Donald Trump vid ett m\u00f6te med amerikanska oljej\u00e4ttar i Vita huset p\u00e5 fredagen.<br \/>\n\t\t\t\t\t\t\t\t\t\t\t\t\tBild:<br \/>\n\t\t\t\t\tAlex Brandon\/AP\/TT<\/p>\n<p>\n\t\tPublicerad:<br \/>\n\t\t11 jan 2026, 15:45\n\t<\/p>\n<p>Ekonomi (TT)<\/p>\n<p class=\"ew-preamble\" itemprop=\"description\">Donald Trump har skrivit under en presidentorder som ska sl\u00e5 vakt om USA:s oljeint\u00e4kter fr\u00e5n Venezuela och blockera dem fr\u00e5n utm\u00e4tning och andra r\u00e4ttsliga processer.<\/p>\n<p class=\"ew-body\">Enligt Vita huset \u00e4r syftet med presidentordern, som Trump skrev under p\u00e5 l\u00f6rdagen, att bevara medlen f\u00f6r att &#8221;fr\u00e4mja amerikanska utrikespolitiska m\u00e5l\u201d.<\/p>\n<p class=\"ew-body\">\u201dOrdern bekr\u00e4ftar att medlen \u00e4r Venezuelas suver\u00e4na egendom som h\u00e5lls i amerikanskt f\u00f6rvar f\u00f6r statliga och diplomatiska \u00e4ndam\u00e5l, de \u00e4r inte f\u00f6rem\u00e5l f\u00f6r privata anspr\u00e5k\u201d, skriver Vita huset p\u00e5 sin sajt.<\/p>\n<p class=\"ew-body\">Trump sade tidigare i veckan att Venezuela inledningsvis kommer att \u00f6verl\u00e4mna mellan 30 och 50 miljoner fat h\u00f6gkvalitativ olja till USA och att int\u00e4kterna ska g\u00e5 till folket i Venezuela och USA.<\/p>\n<p>\n\t\tPublicerad:<br \/>\n\t\t11 jan 2026, 15:45\n\t<\/p>\n","protected":false},"excerpt":{"rendered":"President Donald Trump vid ett m\u00f6te med amerikanska oljej\u00e4ttar i Vita huset p\u00e5 fredagen. Bild: Alex Brandon\/AP\/TT Publicerad:&hellip;\n","protected":false},"author":2,"featured_media":132529,"comment_status":"","ping_status":"","sticky":false,"template":"","format":"standard","meta":{"footnotes":""},"categories":[5],"tags":[22,23,26,27,17,21,24,25,28,29,15,16,18,34,31,33,32,30,19,20],"class_list":{"0":"post-132528","1":"post","2":"type-post","3":"status-publish","4":"format-standard","5":"has-post-thumbnail","7":"category-rubriker","8":"tag-breaking-news","9":"tag-breakingnews","10":"tag-featured-news","11":"tag-featurednews","12":"tag-headlines","13":"tag-huvudnyheter","14":"tag-latest-news","15":"tag-latestnews","16":"tag-main-news","17":"tag-mainnews","18":"tag-news","19":"tag-nyheter","20":"tag-rubriker","21":"tag-se","22":"tag-svenska","23":"tag-sverige","24":"tag-sweden","25":"tag-swedish","26":"tag-top-stories","27":"tag-topstories"},"share_on_mastodon":{"url":"https:\/\/pubeurope.com\/@se\/115877719762814913","error":""},"_links":{"self":[{"href":"https:\/\/www.europesays.com\/se\/wp-json\/wp\/v2\/posts\/132528","targetHints":{"allow":["GET"]}}],"collection":[{"href":"https:\/\/www.europesays.com\/se\/wp-json\/wp\/v2\/posts"}],"about":[{"href":"https:\/\/www.europesays.com\/se\/wp-json\/wp\/v2\/types\/post"}],"author":[{"embeddable":true,"href":"https:\/\/www.europesays.com\/se\/wp-json\/wp\/v2\/users\/2"}],"replies":[{"embeddable":true,"href":"https:\/\/www.europesays.com\/se\/wp-json\/wp\/v2\/comments?post=132528"}],"version-history":[{"count":0,"href":"https:\/\/www.europesays.com\/se\/wp-json\/wp\/v2\/posts\/132528\/revisions"}],"wp:featuredmedia":[{"embeddable":true,"href":"https:\/\/www.europesays.com\/se\/wp-json\/wp\/v2\/media\/132529"}],"wp:attachment":[{"href":"https:\/\/www.europesays.com\/se\/wp-json\/wp\/v2\/media?parent=132528"}],"wp:term":[{"taxonomy":"category","embeddable":true,"href":"https:\/\/www.europesays.com\/se\/wp-json\/wp\/v2\/categories?post=132528"},{"taxonomy":"post_tag","embeddable":true,"href":"https:\/\/www.europesays.com\/se\/wp-json\/wp\/v2\/tags?post=132528"}],"curies":[{"name":"wp","href":"https:\/\/api.w.org\/{rel}","templated":true}]}}