{"id":132530,"date":"2026-01-11T17:54:09","date_gmt":"2026-01-11T17:54:09","guid":{"rendered":"https:\/\/www.europesays.com\/se\/132530\/"},"modified":"2026-01-11T17:54:09","modified_gmt":"2026-01-11T17:54:09","slug":"gamla-i-turkmenistan-koar-for-att-bevisa-att-de-lever","status":"publish","type":"post","link":"https:\/\/www.europesays.com\/se\/132530\/","title":{"rendered":"Gamla i Turkmenistan k\u00f6ar f\u00f6r att bevisa att de lever"},"content":{"rendered":"<p>Pension\u00e4rer i Turkmenistan rasar \u00f6ver en \u00e4ndring i pensionssystemet som inneb\u00e4r att de m\u00e5ste infinna sig hos myndigheterna f\u00f6r att bevisa att de fortfarande lever tv\u00e5 g\u00e5nger om \u00e5ret. Det skriver The Times of Central Asia. <\/p>\n<p>Den som inte infinner sig vid de tv\u00e5 datumen i januari och juli f\u00e5r omedelbart sina pensionsbetalningar indragna. <\/p>\n<p>Enligt tidningen bildas ofta timsl\u00e5nga k\u00f6er, och kritiker kr\u00e4ver nu att systemet justeras s\u00e5 att de tv\u00e5 \u00e5rliga m\u00f6tena i alla fall kan bokas in i f\u00f6rv\u00e4g. <\/p>\n<p>Omni \u00e4r politiskt obundna och oberoende. Vi str\u00e4var efter att ge fler perspektiv p\u00e5 nyheterna. Har du fr\u00e5gor eller synpunkter kring v\u00e5r rapportering? <a href=\"https:\/\/omni.se\/gamla-i-turkmenistan-koar-for-att-bevisa-att-de-lever\/a\/mailto:redaktion@omni.se\" class=\"ArticleActions_contactLink__W2F1M\" rel=\"nofollow noopener\" target=\"_blank\">Kontakta redaktionen<\/a><\/p>\n","protected":false},"excerpt":{"rendered":"Pension\u00e4rer i Turkmenistan rasar \u00f6ver en \u00e4ndring i pensionssystemet som inneb\u00e4r att de m\u00e5ste infinna sig hos myndigheterna&hellip;\n","protected":false},"author":2,"featured_media":132531,"comment_status":"","ping_status":"","sticky":false,"template":"","format":"standard","meta":{"footnotes":""},"categories":[5],"tags":[420,22,23,26,27,17,21,24,25,28,29,15,16,18,34,31,33,32,30,19,20,13501],"class_list":{"0":"post-132530","1":"post","2":"type-post","3":"status-publish","4":"format-standard","5":"has-post-thumbnail","7":"category-rubriker","8":"tag-asien","9":"tag-breaking-news","10":"tag-breakingnews","11":"tag-featured-news","12":"tag-featurednews","13":"tag-headlines","14":"tag-huvudnyheter","15":"tag-latest-news","16":"tag-latestnews","17":"tag-main-news","18":"tag-mainnews","19":"tag-news","20":"tag-nyheter","21":"tag-rubriker","22":"tag-se","23":"tag-svenska","24":"tag-sverige","25":"tag-sweden","26":"tag-swedish","27":"tag-top-stories","28":"tag-topstories","29":"tag-turkmenistan"},"share_on_mastodon":{"url":"https:\/\/pubeurope.com\/@se\/115877751209635764","error":""},"_links":{"self":[{"href":"https:\/\/www.europesays.com\/se\/wp-json\/wp\/v2\/posts\/132530","targetHints":{"allow":["GET"]}}],"collection":[{"href":"https:\/\/www.europesays.com\/se\/wp-json\/wp\/v2\/posts"}],"about":[{"href":"https:\/\/www.europesays.com\/se\/wp-json\/wp\/v2\/types\/post"}],"author":[{"embeddable":true,"href":"https:\/\/www.europesays.com\/se\/wp-json\/wp\/v2\/users\/2"}],"replies":[{"embeddable":true,"href":"https:\/\/www.europesays.com\/se\/wp-json\/wp\/v2\/comments?post=132530"}],"version-history":[{"count":0,"href":"https:\/\/www.europesays.com\/se\/wp-json\/wp\/v2\/posts\/132530\/revisions"}],"wp:featuredmedia":[{"embeddable":true,"href":"https:\/\/www.europesays.com\/se\/wp-json\/wp\/v2\/media\/132531"}],"wp:attachment":[{"href":"https:\/\/www.europesays.com\/se\/wp-json\/wp\/v2\/media?parent=132530"}],"wp:term":[{"taxonomy":"category","embeddable":true,"href":"https:\/\/www.europesays.com\/se\/wp-json\/wp\/v2\/categories?post=132530"},{"taxonomy":"post_tag","embeddable":true,"href":"https:\/\/www.europesays.com\/se\/wp-json\/wp\/v2\/tags?post=132530"}],"curies":[{"name":"wp","href":"https:\/\/api.w.org\/{rel}","templated":true}]}}