{"id":132532,"date":"2026-01-11T18:02:09","date_gmt":"2026-01-11T18:02:09","guid":{"rendered":"https:\/\/www.europesays.com\/se\/132532\/"},"modified":"2026-01-11T18:02:09","modified_gmt":"2026-01-11T18:02:09","slug":"amar-muhsin-lamnar-ik-brage","status":"publish","type":"post","link":"https:\/\/www.europesays.com\/se\/132532\/","title":{"rendered":"Amar Muhsin l\u00e4mnar IK Brage"},"content":{"rendered":"<p><a data-test-tag=\"internal-link\" href=\"https:\/\/www.aftonbladet.se\/av\/daniel-kristoffersson\" class=\"hyperion-css-13ns1rr\" rel=\"nofollow noopener\" target=\"\" aria-label=\"Se alla artiklar av Daniel Kristoffersson\"><img decoding=\"async\" class=\"image-asset hyperion-css-n6kkq1\" data-test-tag=\"image-asset\" src=\"https:\/\/www.europesays.com\/se\/wp-content\/uploads\/2026\/01\/1768154529_433_47a1d14f-3c52-4905-890d-45c65cb040ad.png\"  alt=\"\"  loading=\"lazy\" fetchpriority=\"auto\" style=\"aspect-ratio:1900 \/ 1900\"\/><\/a>share-arrowDela<\/p>\n<p>unsaveSpara<\/p>\n<p>expand-left<\/p>\n<p>helsk\u00e4rm<img decoding=\"async\" class=\"image-asset hyperion-css-u06ts1\" data-test-tag=\"image-asset\" src=\"https:\/\/www.europesays.com\/se\/wp-content\/uploads\/2026\/01\/d2d21ab2-951d-41fa-b256-953996d46c37.jpeg\"  alt=\"\"  loading=\"eager\" fetchpriority=\"high\" style=\"aspect-ratio:1900 \/ 1267\"\/> Foto: Daniel Eriksson \/ Bildbyr\u00e5n<\/p>\n<p class=\"hyperion-css-1shl3oz\" data-test-tag=\"lead-text\">H\u00e4r \u00e4r Amar Muhsins nya klubb.<\/p>\n<p class=\"hyperion-css-1shl3oz\" data-test-tag=\"lead-text\">Enligt uppgifter till Sportbladet har IK Brage accepterat ett bud fr\u00e5n Gimpo FC i Sydkorea.<\/p>\n<p class=\"hyperion-css-1shl3oz\" data-test-tag=\"lead-text\">Spelaren v\u00e4ntas flyga f\u00f6r l\u00e4karunders\u00f6kning och presentation inom kort.<\/p>\n<p class=\"hyperion-css-1v9qo5x\">Superettans skyttekung Amar Muhsin har varit ryktenas man under en l\u00e4ngre tid. Anfallaren har varit p\u00e5 g\u00e5ng till Baniyas SC och Chungbuk Cheongju FC i Sydkorea, d\u00e4r b\u00e5da klubbarna lagt bud p\u00e5 spelaren, utan att ha kommit \u00f6verens med <a data-test-tag=\"internal-link\" href=\"https:\/\/www.aftonbladet.se\/tagg\/ik-brage\" class=\"hyperion-css-15jkft9\" rel=\"nofollow noopener\" target=\"\" aria-label=\"IK Brage\" theme=\"sportbladet\">IK Brage<\/a>.<\/p>\n<p class=\"hyperion-css-1v9qo5x\">Men enligt Sportbladets uppgifter har nu Borl\u00e4nge-klubben accepterat ett bud fr\u00e5n Gimpo FC i den sydkoreanska andraligan. Alla parter \u00e4r \u00f6verens och spelaren v\u00e4ntas flyga f\u00f6r l\u00e4karunders\u00f6kning och officiell presentation inom kort. Om inget of\u00f6rutsett intr\u00e4ffar den n\u00e4rmsta tiden presenteras Muhsin som Gimpo FC:s n\u00e4sta nyf\u00f6rv\u00e4rv i n\u00e4sta vecka.<\/p>\n<p class=\"hyperion-css-1v9qo5x\">28-\u00e5ringen vann superettans skytteliga p\u00e5 21 m\u00e5l f\u00f6reg\u00e5ende s\u00e4song. Nu forts\u00e4tter allts\u00e5 karri\u00e4ren i Sydkorea.<\/p>\n","protected":false},"excerpt":{"rendered":"share-arrowDela unsaveSpara expand-left helsk\u00e4rm Foto: Daniel Eriksson \/ Bildbyr\u00e5n H\u00e4r \u00e4r Amar Muhsins nya klubb. Enligt uppgifter till&hellip;\n","protected":false},"author":2,"featured_media":132533,"comment_status":"","ping_status":"","sticky":false,"template":"","format":"standard","meta":{"footnotes":""},"categories":[5],"tags":[22,23,26,27,17,21,24,25,28,29,15,16,18,34,31,33,32,30,19,20],"class_list":{"0":"post-132532","1":"post","2":"type-post","3":"status-publish","4":"format-standard","5":"has-post-thumbnail","7":"category-rubriker","8":"tag-breaking-news","9":"tag-breakingnews","10":"tag-featured-news","11":"tag-featurednews","12":"tag-headlines","13":"tag-huvudnyheter","14":"tag-latest-news","15":"tag-latestnews","16":"tag-main-news","17":"tag-mainnews","18":"tag-news","19":"tag-nyheter","20":"tag-rubriker","21":"tag-se","22":"tag-svenska","23":"tag-sverige","24":"tag-sweden","25":"tag-swedish","26":"tag-top-stories","27":"tag-topstories"},"share_on_mastodon":{"url":"https:\/\/pubeurope.com\/@se\/115877782654548952","error":""},"_links":{"self":[{"href":"https:\/\/www.europesays.com\/se\/wp-json\/wp\/v2\/posts\/132532","targetHints":{"allow":["GET"]}}],"collection":[{"href":"https:\/\/www.europesays.com\/se\/wp-json\/wp\/v2\/posts"}],"about":[{"href":"https:\/\/www.europesays.com\/se\/wp-json\/wp\/v2\/types\/post"}],"author":[{"embeddable":true,"href":"https:\/\/www.europesays.com\/se\/wp-json\/wp\/v2\/users\/2"}],"replies":[{"embeddable":true,"href":"https:\/\/www.europesays.com\/se\/wp-json\/wp\/v2\/comments?post=132532"}],"version-history":[{"count":0,"href":"https:\/\/www.europesays.com\/se\/wp-json\/wp\/v2\/posts\/132532\/revisions"}],"wp:featuredmedia":[{"embeddable":true,"href":"https:\/\/www.europesays.com\/se\/wp-json\/wp\/v2\/media\/132533"}],"wp:attachment":[{"href":"https:\/\/www.europesays.com\/se\/wp-json\/wp\/v2\/media?parent=132532"}],"wp:term":[{"taxonomy":"category","embeddable":true,"href":"https:\/\/www.europesays.com\/se\/wp-json\/wp\/v2\/categories?post=132532"},{"taxonomy":"post_tag","embeddable":true,"href":"https:\/\/www.europesays.com\/se\/wp-json\/wp\/v2\/tags?post=132532"}],"curies":[{"name":"wp","href":"https:\/\/api.w.org\/{rel}","templated":true}]}}