{"id":132534,"date":"2026-01-11T18:08:06","date_gmt":"2026-01-11T18:08:06","guid":{"rendered":"https:\/\/www.europesays.com\/se\/132534\/"},"modified":"2026-01-11T18:08:06","modified_gmt":"2026-01-11T18:08:06","slug":"trump-hotar-kuba-gor-en-deal","status":"publish","type":"post","link":"https:\/\/www.europesays.com\/se\/132534\/","title":{"rendered":"Trump hotar Kuba: \u201dG\u00f6r en deal\u201d"},"content":{"rendered":"<p class=\"sc-c25743f0-0 sc-e37c0145-2 hObFds DQgPn\">Utspelet fr\u00e5n Trump kommer sedan USA:s attack mot Venezuela, d\u00e4r man tillf\u00e5ngatog Nicol\u00e1s Maduro, vilket har inneburit att transporten av venezuelansk olja till Havanna strypts.<\/p>\n<p class=\"sc-c25743f0-0 sc-e37c0145-2 hObFds DQgPn\">\u201dDet kommer inte bli n\u00e5gon mer olja eller pengar till Kuba \u2013 noll!\u201d, skriver Trump i ett inl\u00e4gg p\u00e5 sin plattform Truth Social p\u00e5 s\u00f6ndagen, och forts\u00e4tter:<\/p>\n<p class=\"sc-c25743f0-0 sc-e37c0145-2 hObFds DQgPn\">\u201dJag manar dem \u00e5 det starkaste till att g\u00f6ra en deal innan det \u00e4r f\u00f6r sent!\u201d. Vad f\u00f6r typ av \u00f6verenskommelse han syftar p\u00e5 framg\u00e5r inte.<\/p>\n<p class=\"sc-c25743f0-0 sc-e37c0145-2 hObFds DQgPn\">Kritiken tillbakavisas i ett X-inl\u00e4gg av Kubas president Miguel Diaz-Canel.<\/p>\n<p class=\"sc-c25743f0-0 sc-e37c0145-2 hObFds DQgPn\">\u201dKuba \u00e4r en fri, oberoende och suver\u00e4n nation. Ingen dikterar vad vi g\u00f6r\u201d, skriver han och till\u00e4gger att landet \u00e4r redo att f\u00f6rsvara sig \u201dtill sista blodsdroppen\u201d.<\/p>\n","protected":false},"excerpt":{"rendered":"Utspelet fr\u00e5n Trump kommer sedan USA:s attack mot Venezuela, d\u00e4r man tillf\u00e5ngatog Nicol\u00e1s Maduro, vilket har inneburit att&hellip;\n","protected":false},"author":2,"featured_media":132535,"comment_status":"","ping_status":"","sticky":false,"template":"","format":"standard","meta":{"footnotes":""},"categories":[14],"tags":[22,23,26,27,17,21,24,25,28,29,15,16,18,34,31,33,32,30,19,20,51,52,53,54],"class_list":{"0":"post-132534","1":"post","2":"type-post","3":"status-publish","4":"format-standard","5":"has-post-thumbnail","7":"category-varlden","8":"tag-breaking-news","9":"tag-breakingnews","10":"tag-featured-news","11":"tag-featurednews","12":"tag-headlines","13":"tag-huvudnyheter","14":"tag-latest-news","15":"tag-latestnews","16":"tag-main-news","17":"tag-mainnews","18":"tag-news","19":"tag-nyheter","20":"tag-rubriker","21":"tag-se","22":"tag-svenska","23":"tag-sverige","24":"tag-sweden","25":"tag-swedish","26":"tag-top-stories","27":"tag-topstories","28":"tag-varlden","29":"tag-world","30":"tag-world-news","31":"tag-worldnews"},"share_on_mastodon":{"url":"https:\/\/pubeurope.com\/@se\/115877806248472832","error":""},"_links":{"self":[{"href":"https:\/\/www.europesays.com\/se\/wp-json\/wp\/v2\/posts\/132534","targetHints":{"allow":["GET"]}}],"collection":[{"href":"https:\/\/www.europesays.com\/se\/wp-json\/wp\/v2\/posts"}],"about":[{"href":"https:\/\/www.europesays.com\/se\/wp-json\/wp\/v2\/types\/post"}],"author":[{"embeddable":true,"href":"https:\/\/www.europesays.com\/se\/wp-json\/wp\/v2\/users\/2"}],"replies":[{"embeddable":true,"href":"https:\/\/www.europesays.com\/se\/wp-json\/wp\/v2\/comments?post=132534"}],"version-history":[{"count":0,"href":"https:\/\/www.europesays.com\/se\/wp-json\/wp\/v2\/posts\/132534\/revisions"}],"wp:featuredmedia":[{"embeddable":true,"href":"https:\/\/www.europesays.com\/se\/wp-json\/wp\/v2\/media\/132535"}],"wp:attachment":[{"href":"https:\/\/www.europesays.com\/se\/wp-json\/wp\/v2\/media?parent=132534"}],"wp:term":[{"taxonomy":"category","embeddable":true,"href":"https:\/\/www.europesays.com\/se\/wp-json\/wp\/v2\/categories?post=132534"},{"taxonomy":"post_tag","embeddable":true,"href":"https:\/\/www.europesays.com\/se\/wp-json\/wp\/v2\/tags?post=132534"}],"curies":[{"name":"wp","href":"https:\/\/api.w.org\/{rel}","templated":true}]}}