{"id":132536,"date":"2026-01-11T18:10:17","date_gmt":"2026-01-11T18:10:17","guid":{"rendered":"https:\/\/www.europesays.com\/se\/132536\/"},"modified":"2026-01-11T18:10:17","modified_gmt":"2026-01-11T18:10:17","slug":"magdalena-anderssons-ovantade-usa-hyllning","status":"publish","type":"post","link":"https:\/\/www.europesays.com\/se\/132536\/","title":{"rendered":"Magdalena Anderssons ov\u00e4ntade USA-hyllning"},"content":{"rendered":"<p>USA \u00e4r ett fantastiskt land trots Donald Trump. Det s\u00e4ger S-ledaren Magdalena Andersson.<\/p>\n<p>\u2013 I grunden \u00e4r USA ett fantastiskt land med ett starkt civilsamh\u00e4lle, fantastiska utbildningsinstitutioner, och fantastiska f\u00f6retag och entrepren\u00f6rer.<\/p>\n<p>\u201dPapperet har sladdrat runt litegrann.\u201d<img   alt=\"\"\/> <\/p>\n<p>Foto: Henrik Montgomery\/TT \/ TT NYHETSBYR\u00c5N \/ TT NEWS AGENCY<\/p>\n<p>\u00d6ppna bild i helsk\u00e4rm<\/p>\n<p>Donald Trumps regering och den s\u00e4kerhetsstrategi som man valt har f\u00f6r\u00e4ndrat spelplanen f\u00f6r europeisk s\u00e4kerhet i grunden. Det s\u00e4ger <a href=\"https:\/\/www.expressen.se\/tagg\/person\/magdalena-andersson\/\" class=\"\" rel=\"nofollow noopener\" target=\"_blank\">Magdalena Andersson<\/a> p\u00e5 Folk och f\u00f6rsvars rikskonferens.<\/p>\n<p>\u2013 Det finns all anledning att vara orolig. Och jag menar att de hotfulla uttalanden som g\u00f6rs av den nuvarande administrationen \u00e4r ansvarsl\u00f6sa.<\/p>\n<p>Hon passar samtidigt p\u00e5 att hylla USA som land.<\/p>\n<p>\u2013 Jag \u00e4r den f\u00f6rsta att s\u00e4ga att USA \u00e4r ett fantastiskt land. Jag tycker otroligt mycket om USA. Jag har bott d\u00e4r i flera \u00e5r av mitt liv. Det \u00e4r ett land jag har beundrat. Och d\u00e4r det finns s\u00e5 mycket fantastiskt.<\/p>\n<p><strong>Som vad\u00e5?<\/strong><\/p>\n<p>\u2013 I grunden \u00e4r USA ett fantastiskt land med ett starkt civilsamh\u00e4lle, fantastiska utbildningsinstitutioner, och fantastiska f\u00f6retag och entrepren\u00f6rer.<\/p>\n<p>Magdalena Andersson \u00f6nskar ett fortsatt n\u00e4ra och varmt samarbete mellan Sverige och USA b\u00e5de i och utanf\u00f6r Nato.<\/p>\n<p>\u2013 De har varit en mycket god v\u00e4n till Europa och den transatlantiska l\u00e4nken har betytt o\u00e4ndligt mycket f\u00f6r Europa under de senaste 80 \u00e5ren, och bidragit till stabilitet och trygghet i Europa.<\/p>\n<p>P\u00e5 fr\u00e5gan om det g\u00e5r att lita p\u00e5 USA i dag ger Magdalena Andersson inte ett rakt svar.<\/p>\n<p>\u2013 Det \u00e4r upp till USA att visa om det g\u00e5r att lita p\u00e5 dem eller inte.<\/p>\n","protected":false},"excerpt":{"rendered":"USA \u00e4r ett fantastiskt land trots Donald Trump. Det s\u00e4ger S-ledaren Magdalena Andersson. \u2013 I grunden \u00e4r USA&hellip;\n","protected":false},"author":2,"featured_media":132537,"comment_status":"","ping_status":"","sticky":false,"template":"","format":"standard","meta":{"footnotes":""},"categories":[5],"tags":[22,23,26,27,17,21,24,25,45,28,29,15,13488,16,1207,18,34,583,31,33,32,30,19,20],"class_list":{"0":"post-132536","1":"post","2":"type-post","3":"status-publish","4":"format-standard","5":"has-post-thumbnail","7":"category-rubriker","8":"tag-breaking-news","9":"tag-breakingnews","10":"tag-featured-news","11":"tag-featurednews","12":"tag-headlines","13":"tag-huvudnyheter","14":"tag-latest-news","15":"tag-latestnews","16":"tag-location-usa","17":"tag-main-news","18":"tag-mainnews","19":"tag-news","20":"tag-newsstory-folk-och-forsvar-2026","21":"tag-nyheter","22":"tag-person-magdalena-andersson","23":"tag-rubriker","24":"tag-se","25":"tag-sections-politik","26":"tag-svenska","27":"tag-sverige","28":"tag-sweden","29":"tag-swedish","30":"tag-top-stories","31":"tag-topstories"},"share_on_mastodon":{"url":"https:\/\/pubeurope.com\/@se\/115877814088635989","error":""},"_links":{"self":[{"href":"https:\/\/www.europesays.com\/se\/wp-json\/wp\/v2\/posts\/132536","targetHints":{"allow":["GET"]}}],"collection":[{"href":"https:\/\/www.europesays.com\/se\/wp-json\/wp\/v2\/posts"}],"about":[{"href":"https:\/\/www.europesays.com\/se\/wp-json\/wp\/v2\/types\/post"}],"author":[{"embeddable":true,"href":"https:\/\/www.europesays.com\/se\/wp-json\/wp\/v2\/users\/2"}],"replies":[{"embeddable":true,"href":"https:\/\/www.europesays.com\/se\/wp-json\/wp\/v2\/comments?post=132536"}],"version-history":[{"count":0,"href":"https:\/\/www.europesays.com\/se\/wp-json\/wp\/v2\/posts\/132536\/revisions"}],"wp:featuredmedia":[{"embeddable":true,"href":"https:\/\/www.europesays.com\/se\/wp-json\/wp\/v2\/media\/132537"}],"wp:attachment":[{"href":"https:\/\/www.europesays.com\/se\/wp-json\/wp\/v2\/media?parent=132536"}],"wp:term":[{"taxonomy":"category","embeddable":true,"href":"https:\/\/www.europesays.com\/se\/wp-json\/wp\/v2\/categories?post=132536"},{"taxonomy":"post_tag","embeddable":true,"href":"https:\/\/www.europesays.com\/se\/wp-json\/wp\/v2\/tags?post=132536"}],"curies":[{"name":"wp","href":"https:\/\/api.w.org\/{rel}","templated":true}]}}