{"id":132538,"date":"2026-01-11T18:12:07","date_gmt":"2026-01-11T18:12:07","guid":{"rendered":"https:\/\/www.europesays.com\/se\/132538\/"},"modified":"2026-01-11T18:12:07","modified_gmt":"2026-01-11T18:12:07","slug":"tennis-kriget-i-ukraina-praglade-sabalenkas-wta-vinst-smartsamt-att-leva","status":"publish","type":"post","link":"https:\/\/www.europesays.com\/se\/132538\/","title":{"rendered":"Tennis: Kriget i Ukraina pr\u00e4glade Sabalenkas WTA-vinst: \u201dSm\u00e4rtsamt att leva\u201d"},"content":{"rendered":"<p>H\u00f6r det k\u00e4nslosamma talet i spelaren ovan.<\/p>\n<p>V\u00e4rldsettan Aryna Sabalenka forts\u00e4tter att \u00f6vertyga och vann WTA-finalen i Brisbane klart \u00f6ver ukrainskan Marta Kostyuk med 2-0 i set.<\/p>\n<p>N\u00e4r Kostyuk efter f\u00f6rlusten fick mikrofonen tog hon tillf\u00e4llet i akt med ett k\u00e4nslosamt tal om kriget i Ukraina, d\u00e4r Belarus st\u00f6djer Ryssland.<\/p>\n<p>\u2013 Det \u00e4r tusentals m\u00e4nniskor som inte har el, v\u00e4rme eller varmt vatten. Det \u00e4r 20 minusgrader ute. Jag blev j\u00e4tteglad \u00f6ver att se s\u00e5 m\u00e5nga ukrainska flaggor som st\u00f6ttar i publiken.<\/p>\n<p>Ut\u00f6ver att Kostyuk inte ville skaka hand med belarusiskan s\u00e5 st\u00e4llde hon inte upp p\u00e5 att ta bild bredvid henne p\u00e5 prisceremonin.<\/p>\n<p>P\u00e5 en presskonferens tog sedan Sabalenka ton och distanserade sig fr\u00e5n kriget.<\/p>\n<p>\u2013 Ingen normal person st\u00f6djer kriget. I fall vi hade kunnat stoppa det s\u00e5 hade vi gjort det, tyv\u00e4rr \u00e4r det inte upp till oss.<\/p>\n","protected":false},"excerpt":{"rendered":"H\u00f6r det k\u00e4nslosamma talet i spelaren ovan. V\u00e4rldsettan Aryna Sabalenka forts\u00e4tter att \u00f6vertyga och vann WTA-finalen i Brisbane&hellip;\n","protected":false},"author":2,"featured_media":132539,"comment_status":"","ping_status":"","sticky":false,"template":"","format":"standard","meta":{"footnotes":""},"categories":[68],"tags":[34,111,110,31,33,32,30],"class_list":{"0":"post-132538","1":"post","2":"type-post","3":"status-publish","4":"format-standard","5":"has-post-thumbnail","7":"category-sport","8":"tag-se","9":"tag-sport","10":"tag-sports","11":"tag-svenska","12":"tag-sverige","13":"tag-sweden","14":"tag-swedish"},"share_on_mastodon":{"url":"https:\/\/pubeurope.com\/@se\/115877822001164733","error":""},"_links":{"self":[{"href":"https:\/\/www.europesays.com\/se\/wp-json\/wp\/v2\/posts\/132538","targetHints":{"allow":["GET"]}}],"collection":[{"href":"https:\/\/www.europesays.com\/se\/wp-json\/wp\/v2\/posts"}],"about":[{"href":"https:\/\/www.europesays.com\/se\/wp-json\/wp\/v2\/types\/post"}],"author":[{"embeddable":true,"href":"https:\/\/www.europesays.com\/se\/wp-json\/wp\/v2\/users\/2"}],"replies":[{"embeddable":true,"href":"https:\/\/www.europesays.com\/se\/wp-json\/wp\/v2\/comments?post=132538"}],"version-history":[{"count":0,"href":"https:\/\/www.europesays.com\/se\/wp-json\/wp\/v2\/posts\/132538\/revisions"}],"wp:featuredmedia":[{"embeddable":true,"href":"https:\/\/www.europesays.com\/se\/wp-json\/wp\/v2\/media\/132539"}],"wp:attachment":[{"href":"https:\/\/www.europesays.com\/se\/wp-json\/wp\/v2\/media?parent=132538"}],"wp:term":[{"taxonomy":"category","embeddable":true,"href":"https:\/\/www.europesays.com\/se\/wp-json\/wp\/v2\/categories?post=132538"},{"taxonomy":"post_tag","embeddable":true,"href":"https:\/\/www.europesays.com\/se\/wp-json\/wp\/v2\/tags?post=132538"}],"curies":[{"name":"wp","href":"https:\/\/api.w.org\/{rel}","templated":true}]}}