{"id":132540,"date":"2026-01-11T18:16:17","date_gmt":"2026-01-11T18:16:17","guid":{"rendered":"https:\/\/www.europesays.com\/se\/132540\/"},"modified":"2026-01-11T18:16:17","modified_gmt":"2026-01-11T18:16:17","slug":"fangslade-spanjorer-frislappta-i-venezuela","status":"publish","type":"post","link":"https:\/\/www.europesays.com\/se\/132540\/","title":{"rendered":"F\u00e4ngslade spanjorer frisl\u00e4ppta i Venezuela"},"content":{"rendered":"<p class=\"rubrik4 ingress article-body\">SPANIEN RIKS Den spanska regeringen bekr\u00e4ftar att fem medborgare, varav en m\u00e4nniskor\u00e4ttsaktivist, har sl\u00e4ppts ur f\u00e4ngelse i Venezuela och \u00e5terv\u00e4nt hem. Frigivningen beskrivs som ett positivt steg av Madrid efter den senaste tidens dramatiska h\u00e4ndelser d\u00e4r Nicol\u00e1s Maduro avsattes.<\/p>\n<p class=\"text\">Spaniens utrikesminister Jos\u00e9 Manuel Albares meddelade p\u00e5 torsdagen att fem spanska medborgare har f\u00f6rsatts p\u00e5 fri fot i Venezuela. Gruppen, som suttit f\u00e4ngslad p\u00e5 olika grunder av den tidigare regimen, landade vid lunchtid p\u00e5 fredagen i Spanien.&#13;<\/p>\n<p>Bland de frigivna finns tv\u00e5 baskiska m\u00e4n som greps i september 2024 anklagade f\u00f6r att ha planerat en sammansv\u00e4rjning mot den d\u00e5varande presidenten. \u00c4ven en sj\u00f6man fr\u00e5n Kanarie\u00f6arna och en man som greps i december 2024 har sl\u00e4ppts. Den mest profilerade i gruppen \u00e4r den spansk-venezuelanska m\u00e4nniskor\u00e4ttsaktivisten Roc\u00edo San Miguel, ordf\u00f6rande f\u00f6r organisationen Control Ciudadano, som greps i februari 2024 n\u00e4r hon f\u00f6rs\u00f6kte l\u00e4mna landet, skriver <a href=\"https:\/\/www.europapress.es\/nacional\/noticia-gobierno-confirma-liberacion-cinco-espanoles-venezuela-incluida-doble-nacionalidad-20260108193118.html\" target=\"_blank\" rel=\"nofollow noopener\">Europa Press<\/a>.&#13;<\/p>\n<p>Frigivningen sker i ett mycket k\u00e4nsligt politiskt l\u00e4ge, bara dagar efter att USA genomf\u00f6rt en milit\u00e4r intervention som ledde till att Nicol\u00e1s Maduro greps. Den nya ledningen under Delcy Rodr\u00edguez har genomf\u00f6rt frigivningen som en del av en st\u00f6rre process som \u00e4ven omfattar f\u00e5ngar av andra nationaliteter. Den spanska regeringen v\u00e4lkomnar beslutet och ser det som en \u00f6ppning i den nya fas som landet nu befinner sig i.&#13;<\/p>\n<p>F\u00f6rhandlingarna har skett med hj\u00e4lp av internationella medlare. Den tidigare spanska premi\u00e4rministern Jos\u00e9 Luis Rodr\u00edguez Zapatero, Brasiliens president Lula da Silva och representanter fr\u00e5n Qatar pekas ut som nyckelpersoner i dialogen som m\u00f6jliggjorde frigivningen. Utrikesdepartementet arbetar nu vidare f\u00f6r att kontrollera om det finns fler f\u00e4ngslade medborgare som kan komma att sl\u00e4ppas inom kort.<\/p>\n","protected":false},"excerpt":{"rendered":"SPANIEN RIKS Den spanska regeringen bekr\u00e4ftar att fem medborgare, varav en m\u00e4nniskor\u00e4ttsaktivist, har sl\u00e4ppts ur f\u00e4ngelse i Venezuela&hellip;\n","protected":false},"author":2,"featured_media":132541,"comment_status":"","ping_status":"","sticky":false,"template":"","format":"standard","meta":{"footnotes":""},"categories":[14],"tags":[22,23,1051,13502,26,27,13504,17,21,3387,24,25,28,29,15,16,18,34,691,13503,31,33,32,30,1050,1059,19,20,51,2545,52,53,54],"class_list":{"0":"post-132540","1":"post","2":"type-post","3":"status-publish","4":"format-standard","5":"has-post-thumbnail","7":"category-varlden","8":"tag-breaking-news","9":"tag-breakingnews","10":"tag-costa-del-sol","11":"tag-fngslade","12":"tag-featured-news","13":"tag-featurednews","14":"tag-frislppta","15":"tag-headlines","16":"tag-huvudnyheter","17":"tag-i","18":"tag-latest-news","19":"tag-latestnews","20":"tag-main-news","21":"tag-mainnews","22":"tag-news","23":"tag-nyheter","24":"tag-rubriker","25":"tag-se","26":"tag-spanien","27":"tag-spanjorer","28":"tag-svenska","29":"tag-sverige","30":"tag-sweden","31":"tag-swedish","32":"tag-sydkusten","33":"tag-sydkusten-es","34":"tag-top-stories","35":"tag-topstories","36":"tag-varlden","37":"tag-venezuela","38":"tag-world","39":"tag-world-news","40":"tag-worldnews"},"share_on_mastodon":{"url":"https:\/\/pubeurope.com\/@se\/115877837689371131","error":""},"_links":{"self":[{"href":"https:\/\/www.europesays.com\/se\/wp-json\/wp\/v2\/posts\/132540","targetHints":{"allow":["GET"]}}],"collection":[{"href":"https:\/\/www.europesays.com\/se\/wp-json\/wp\/v2\/posts"}],"about":[{"href":"https:\/\/www.europesays.com\/se\/wp-json\/wp\/v2\/types\/post"}],"author":[{"embeddable":true,"href":"https:\/\/www.europesays.com\/se\/wp-json\/wp\/v2\/users\/2"}],"replies":[{"embeddable":true,"href":"https:\/\/www.europesays.com\/se\/wp-json\/wp\/v2\/comments?post=132540"}],"version-history":[{"count":0,"href":"https:\/\/www.europesays.com\/se\/wp-json\/wp\/v2\/posts\/132540\/revisions"}],"wp:featuredmedia":[{"embeddable":true,"href":"https:\/\/www.europesays.com\/se\/wp-json\/wp\/v2\/media\/132541"}],"wp:attachment":[{"href":"https:\/\/www.europesays.com\/se\/wp-json\/wp\/v2\/media?parent=132540"}],"wp:term":[{"taxonomy":"category","embeddable":true,"href":"https:\/\/www.europesays.com\/se\/wp-json\/wp\/v2\/categories?post=132540"},{"taxonomy":"post_tag","embeddable":true,"href":"https:\/\/www.europesays.com\/se\/wp-json\/wp\/v2\/tags?post=132540"}],"curies":[{"name":"wp","href":"https:\/\/api.w.org\/{rel}","templated":true}]}}