{"id":132542,"date":"2026-01-11T18:18:18","date_gmt":"2026-01-11T18:18:18","guid":{"rendered":"https:\/\/www.europesays.com\/se\/132542\/"},"modified":"2026-01-11T18:18:18","modified_gmt":"2026-01-11T18:18:18","slug":"kan-bli-annu-samre-framover","status":"publish","type":"post","link":"https:\/\/www.europesays.com\/se\/132542\/","title":{"rendered":"Kan bli \u00e4nnu s\u00e4mre fram\u00f6ver"},"content":{"rendered":"<p><a data-test-tag=\"internal-link\" href=\"https:\/\/www.aftonbladet.se\/av\/niclas-vent\" class=\"hyperion-css-13ns1rr\" rel=\"nofollow noopener\" target=\"\" aria-label=\"Se alla artiklar av Niclas Vent\"><img decoding=\"async\" class=\"image-asset hyperion-css-n6kkq1\" data-test-tag=\"image-asset\" src=\"https:\/\/www.europesays.com\/se\/wp-content\/uploads\/2026\/01\/19280f63-8ec5-49a6-9628-edfef534cfd3.png\"  alt=\"\"  loading=\"lazy\" fetchpriority=\"auto\" style=\"aspect-ratio:1900 \/ 1900\"\/><\/a><\/p>\n<p class=\"boxtextgrotesk-root_baa6 hyperion-css-7pajle\">Uppdaterad 18.26 | Publicerad 16.45<\/p>\n<p>share-arrowDela<\/p>\n<p>unsaveSpara<\/p>\n<p>expand-left<\/p>\n<p>helsk\u00e4rm<img decoding=\"async\" class=\"image-asset hyperion-css-u06ts1\" data-test-tag=\"image-asset\" src=\"https:\/\/www.europesays.com\/se\/wp-content\/uploads\/2026\/01\/3dac7c71-d215-422e-a4f3-65171659f268.jpeg\"  alt=\"Must-chefen Thomas Nilsson varnar f\u00f6r att Ryssland kan b\u00f6rja flytta resurser i Sveriges riktning.\"  loading=\"eager\" fetchpriority=\"high\" style=\"aspect-ratio:1299 \/ 859\"\/>Must-chefen Thomas Nilsson varnar f\u00f6r att Ryssland kan b\u00f6rja flytta resurser i Sveriges riktning. Foto: Andreas Bardell<\/p>\n<p class=\"hyperion-css-1shl3oz\" data-test-tag=\"lead-text\">Putin har st\u00e4rkts i tron att Rysslands m\u00e5l g\u00e5r att n\u00e5, bed\u00f6mer Sveriges milit\u00e4ra underr\u00e4ttelsetj\u00e4nst.<\/p>\n<p class=\"hyperion-css-1shl3oz\" data-test-tag=\"lead-text\">Sveriges s\u00e4kerhet riskerar d\u00e4rmed att bli \u00e4nnu s\u00e4mre fram\u00f6ver.<\/p>\n<p class=\"hyperion-css-1shl3oz\" data-test-tag=\"lead-text\">\u2013 Det g\u00e5r tyv\u00e4rr \u00e5t fel h\u00e5ll, s\u00e4ger Must-chefen Thomas Nilsson.<\/p>\n<p class=\"hyperion-css-1v9qo5x\">S\u00e4kerhetsl\u00e4get \u00e4r allvarligt. Hotbilden bred och komplex.<\/p>\n<p class=\"hyperion-css-1v9qo5x\">S\u00e5 brukar Sveriges milit\u00e4ra underr\u00e4ttelse- och s\u00e4kerhetstj\u00e4nst (Must) alltid s\u00e4ga nuf\u00f6rtiden.<\/p>\n<p class=\"hyperion-css-1v9qo5x\">Men tyv\u00e4rr har vi nog \u00e4nnu inte n\u00e5tt botten p\u00e5 ned\u00e5tkurvan f\u00f6r svensk s\u00e4kerhet.<\/p>\n<p class=\"hyperion-css-1v9qo5x\">\u2013 Om vi tittar lite fram\u00e5t s\u00e5 ser vi en risk att den kan f\u00f6rs\u00e4mras ytterligare, s\u00e4ger Thomas Nilsson, chef f\u00f6r Sveriges milit\u00e4ra underr\u00e4ttelse- och s\u00e4kerhetstj\u00e4nst (Must).<\/p>\n<p class=\"hyperion-css-1v9qo5x\">Ryssland har inte gett upp sina \u00f6vergripande strategiska m\u00e5l.<\/p>\n<p class=\"hyperion-css-1v9qo5x\">\u2013 Snarare finns det saker i omv\u00e4rldsutvecklingen som vi bed\u00f6mer st\u00e4rker deras uppfattning att de kan n\u00e5 sina m\u00e5l. Det finns ingenting som vi ser som skulle f\u00e5 Ryssland att \u00e4ndra sin uppfattning, s\u00e4ger han.<\/p>\n<p class=\"hyperion-css-1v9qo5x\">\u2013 Det i sig \u00e4r ju allvarligt eftersom Ryssland \u00e4r v\u00e5rt dimensionerande milit\u00e4ra hot.<\/p>\n<p class=\"hyperion-css-1v9qo5x\">Mycket h\u00e4nger p\u00e5 vad som h\u00e4nder i Ukraina.<\/p>\n<p>expand-left<\/p>\n<p>helsk\u00e4rm<img decoding=\"async\" class=\"image-asset hyperion-css-u06ts1\" data-test-tag=\"image-asset\" src=\"https:\/\/www.europesays.com\/se\/wp-content\/uploads\/2026\/01\/ccf2dfca-6da3-44ce-85ce-e64dcfe33685.jpeg\"  alt=\"Ett ryskt robotsystem under en \u00f6vning i Belarus i slutet av december.\"  loading=\"eager\" fetchpriority=\"high\" style=\"aspect-ratio:1309 \/ 867\"\/>Ett ryskt robotsystem under en \u00f6vning i Belarus i slutet av december. Foto: Ryska F\u00f6rsvarsministeriet\u201dFrig\u00f6r resurser\u201d<\/p>\n<p class=\"hyperion-css-1v9qo5x\">\u2013 Skulle det bli n\u00e5gon form av vapenstillest\u00e5nd, fred eller vad man nu kallar det,<br \/>som frig\u00f6r ryska resurser, s\u00e5 tror vi och g\u00f6r bed\u00f6mningen att de kan tillf\u00f6ras i v\u00e5r riktning. Det inneb\u00e4r att hotet skulle utvecklas i negativ riktning. Det \u00e4r det vi ser.<\/p>\n<p class=\"hyperion-css-1v9qo5x\">\u00d6stersj\u00f6omr\u00e5det \u00e4r prioriterat f\u00f6r Ryssland, enligt Thomas Nilsson.<\/p>\n<p class=\"hyperion-css-1v9qo5x\">\u2013 Det inneb\u00e4r att de kommer att g\u00f6ra sina satsningar i v\u00e5rt n\u00e4romr\u00e5de.<\/p>\n<p class=\"hyperion-css-1v9qo5x\">Ryssland har en h\u00f6g produktionskapacitet, det visar intensiteten i luftattackerna mot Ukraina. Det g\u00f6r att reserver snabbt kan byggas upp till ett nytt krig.<\/p>\n<p class=\"hyperion-css-1v9qo5x\">\u2013 Beh\u00f6ver man d\u00e5 inte anv\u00e4nda de volymerna i Ukraina, kopplat till ett stillest\u00e5nd, d\u00e5 kan man lagra dem eller placera dem p\u00e5 andra st\u00e4llen.<\/p>\n<p class=\"hyperion-css-1v9qo5x\">Vad g\u00e4ller USA:s intresse f\u00f6r Gr\u00f6nland kopplar Thomas Nilsson det till stormaktsrivaliteten i Arktis, d\u00e4r USA, Kina och Ryssland har olika intressen.<\/p>\n<p>expand-left<\/p>\n<p>helsk\u00e4rm<img decoding=\"async\" class=\"image-asset hyperion-css-u06ts1\" data-test-tag=\"image-asset\" src=\"https:\/\/www.europesays.com\/se\/wp-content\/uploads\/2026\/01\/35bd164a-025d-45fc-bc07-97af8708a719.jpeg\"  alt=\"En rysk dr\u00f6nare sl\u00e4pps iv\u00e4g vid fronten i Ukraina.\"  loading=\"eager\" fetchpriority=\"high\" style=\"aspect-ratio:1305 \/ 731\"\/>En rysk dr\u00f6nare sl\u00e4pps iv\u00e4g vid fronten i Ukraina. Foto: Ryska F\u00f6rsvarsministeriet\u201dStormaktsrivalitet\u201d<\/p>\n<p class=\"hyperion-css-1v9qo5x\">\u2013 Jag skulle uppmana till att man inte ser det som en j\u00e4ttestor \u00f6verraskning, som \u00e4ndrar eller v\u00e4nder upp och ner p\u00e5 allting. Det f\u00f6ljer en utvecklingstrend som vi har sett sedan tidigare.<\/p>\n<p class=\"hyperion-css-1v9qo5x\">\u2013 Stormaktsrivaliteten kommer vi att beh\u00f6va leva med och f\u00f6rh\u00e5lla oss till. Vi har den geografi vi har. Vi \u00e4r ett arktiskt land. Vi \u00e4r en del av NATO. Men vi \u00e4r ocks\u00e5 ett litet eller medelstort land, och n\u00e4r stormakterna agerar p\u00e5 det h\u00e4r s\u00e4ttet s\u00e5 blir det till del utmaningar som sm\u00e5 och medelstora l\u00e4nder m\u00e5ste f\u00f6rh\u00e5lla sig till.<\/p>\n<p class=\"hyperion-css-1v9qo5x\"><strong>Bed\u00f6mer du att USA menar allvar med det h\u00e4r, att man vill ta \u00f6ver Gr\u00f6nland med alla tillg\u00e4ngliga medel?<\/strong><\/p>\n<p class=\"hyperion-css-1v9qo5x\">\u2013 Jag vill inte spekulera i exakt vad man menar. D\u00e4remot s\u00e5 tror jag att man ska f\u00f6lja utvecklingen. L\u00e4ser man den amerikanska nationella s\u00e4kerhetsstrategin, tittar p\u00e5 kartan och funderar p\u00e5 Arktis och Gr\u00f6nlands strategiska betydelse, s\u00e5 tror jag det \u00e4r viktiga delar i det h\u00e4r. Stormaktsrivaliteten m\u00e5ste man ha i fond till varf\u00f6r saker och ting sker. Jag har \u00e5tminstone inte uppfattat att USA p\u00e5 n\u00e5got s\u00e4tt har vacklat i hur man ser p\u00e5 NATO eller artikel 5. <\/p>\n<p class=\"hyperion-css-1v9qo5x\">\u2013 I min v\u00e4rld finns det inget som talar f\u00f6r att Nato inte kan hantera \u00e4ven den h\u00e4r krisen.<\/p>\n","protected":false},"excerpt":{"rendered":"Uppdaterad 18.26 | Publicerad 16.45 share-arrowDela unsaveSpara expand-left helsk\u00e4rmMust-chefen Thomas Nilsson varnar f\u00f6r att Ryssland kan b\u00f6rja flytta&hellip;\n","protected":false},"author":2,"featured_media":132543,"comment_status":"","ping_status":"","sticky":false,"template":"","format":"standard","meta":{"footnotes":""},"categories":[5],"tags":[22,23,26,27,17,21,24,25,28,29,15,16,18,34,31,33,32,30,19,20],"class_list":{"0":"post-132542","1":"post","2":"type-post","3":"status-publish","4":"format-standard","5":"has-post-thumbnail","7":"category-rubriker","8":"tag-breaking-news","9":"tag-breakingnews","10":"tag-featured-news","11":"tag-featurednews","12":"tag-headlines","13":"tag-huvudnyheter","14":"tag-latest-news","15":"tag-latestnews","16":"tag-main-news","17":"tag-mainnews","18":"tag-news","19":"tag-nyheter","20":"tag-rubriker","21":"tag-se","22":"tag-svenska","23":"tag-sverige","24":"tag-sweden","25":"tag-swedish","26":"tag-top-stories","27":"tag-topstories"},"share_on_mastodon":{"url":"https:\/\/pubeurope.com\/@se\/115877845653824042","error":""},"_links":{"self":[{"href":"https:\/\/www.europesays.com\/se\/wp-json\/wp\/v2\/posts\/132542","targetHints":{"allow":["GET"]}}],"collection":[{"href":"https:\/\/www.europesays.com\/se\/wp-json\/wp\/v2\/posts"}],"about":[{"href":"https:\/\/www.europesays.com\/se\/wp-json\/wp\/v2\/types\/post"}],"author":[{"embeddable":true,"href":"https:\/\/www.europesays.com\/se\/wp-json\/wp\/v2\/users\/2"}],"replies":[{"embeddable":true,"href":"https:\/\/www.europesays.com\/se\/wp-json\/wp\/v2\/comments?post=132542"}],"version-history":[{"count":0,"href":"https:\/\/www.europesays.com\/se\/wp-json\/wp\/v2\/posts\/132542\/revisions"}],"wp:featuredmedia":[{"embeddable":true,"href":"https:\/\/www.europesays.com\/se\/wp-json\/wp\/v2\/media\/132543"}],"wp:attachment":[{"href":"https:\/\/www.europesays.com\/se\/wp-json\/wp\/v2\/media?parent=132542"}],"wp:term":[{"taxonomy":"category","embeddable":true,"href":"https:\/\/www.europesays.com\/se\/wp-json\/wp\/v2\/categories?post=132542"},{"taxonomy":"post_tag","embeddable":true,"href":"https:\/\/www.europesays.com\/se\/wp-json\/wp\/v2\/tags?post=132542"}],"curies":[{"name":"wp","href":"https:\/\/api.w.org\/{rel}","templated":true}]}}