{"id":132544,"date":"2026-01-11T18:24:19","date_gmt":"2026-01-11T18:24:19","guid":{"rendered":"https:\/\/www.europesays.com\/se\/132544\/"},"modified":"2026-01-11T18:24:19","modified_gmt":"2026-01-11T18:24:19","slug":"ryska-fiskeoligarkens-drag-stammer-norge","status":"publish","type":"post","link":"https:\/\/www.europesays.com\/se\/132544\/","title":{"rendered":"Ryska fiskeoligarkens drag: St\u00e4mmer Norge"},"content":{"rendered":"<p>Publicerad 9 jan 2026 kl 21.24Uppdaterad kl 22.25<\/p>\n<p>Ryske fiskemiljard\u00e4ren Vitalij Orlov utrustade sina fiskeb\u00e5tar med spionutrustning och hamnade p\u00e5 EU:s sanktionslista i maj 2025.<\/p>\n<p>D\u00e4refter fick han n\u00e4ringsf\u00f6rbud i Norge.<\/p>\n<p>Nu st\u00e4mmer han norska staten, rapporterar <a href=\"https:\/\/www.thebarentsobserver.com\/news\/leader-of-fishing-company-vitaly-orlov-sues-norway-over-sanctions\/443186\" rel=\"nofollow noopener\" target=\"_blank\">Barents Observer<\/a>.<\/p>\n<p>Senaste klippen om kriget i Ukraina.<img   alt=\"\"\/><\/p>\n<p>Vitalij Orlov.<\/p>\n<p>Foto: Maksim Konstantinov \/ TT NYHETSBYR\u00c5N<\/p>\n<p>\u00d6ppna bild i helsk\u00e4rm<img loading=\"lazy\"   alt=\"\"\/><\/p>\n<p>Norebo har f\u00f6rbjudits fr\u00e5n att fiska i norska vatten \u2013 och fr\u00e5n att anv\u00e4nda norska hamnar. H\u00e4r \u00e4r Kirkenes.<\/p>\n<p>Foto: OLLE SPORRONG<\/p>\n<p>\u00d6ppna bild i helsk\u00e4rm<img loading=\"lazy\"   alt=\"\"\/><\/p>\n<p>Vladimir Putin.<\/p>\n<p>Foto: MIKHAIL KLIMENTYEV \/ AP TT NYHETSBYR\u00c5N<\/p>\n<p>\u00d6ppna bild i helsk\u00e4rm<\/p>\n<p>F\u00f6rra v\u00e5ren inkluderades Rysslands st\u00f6rsta fiskef\u00f6retag Norebo i EU:s 17:e sanktionspaket.<\/p>\n<p>\u201dFartyg som \u00e4gs och drivs av Norebo JSC har \u00e4ven utrustats med teknik som kan anv\u00e4ndas f\u00f6r spionage\u201d, skrev <a href=\"https:\/\/www.expressen.se\/tagg\/organization\/europeiska-radet\/\" class=\"\" rel=\"nofollow noopener\" target=\"_blank\">Europeiska r\u00e5det<\/a> i ett utl\u00e5tande, enligt Barents Observer.<\/p>\n<p>R\u00e5det konstaterade ocks\u00e5 att f\u00f6retagets fiskeflotta haft r\u00f6relsem\u00f6nster i norska vatten som \u201d\u00f6verensst\u00e4mmer med illasinnade syften, s\u00e5som att upprepade g\u00e5nger befinna sig i n\u00e4rheten av eller dr\u00f6ja kvar n\u00e4ra kritisk infrastruktur och milit\u00e4ra anl\u00e4ggningar\u201d.<\/p>\n<p>\u2013 S\u00e5dan verksamhet kan underl\u00e4tta framtida sabotageoperationer och hota viktiga norska s\u00e4kerhetspolitiska intressen, s\u00e4ger utrikesminister norska utrikesministern Espen Barth Eide till tidningen.<\/p>\n<p>St\u00e4mmer Norge<\/p>\n<p>Norebo har slagit tillbaka mot anklagelserna och sagt att det \u201dsom framf\u00f6rts \u00e4r falskt.\u201d<\/p>\n<p>Efter att f\u00f6retaget inkluderats i EU:s sanktionspaket agerade Norge och f\u00f6rbj\u00f6d f\u00f6retaget fr\u00e5n att fiska i norska vatten och fr\u00e5n att anv\u00e4nda norska hamnar.<\/p>\n<p>N\u00e5got som v\u00e5llat stor \u201dbetydande\u201d ekonomisk skada f\u00f6r Norebro som \u00e4gs av 59-\u00e5rige Vitalij Orlov \u2013 rysk oligark och miljard\u00e4r \u2013 och v\u00e4n med president Putin.<\/p>\n<p>Nu har han svarat med att st\u00e4mma Norge.<\/p>\n<p>Hallvard \u00d8stg\u00e5rd \u00e4r Norebos advokat. Han s\u00e4ger till Barents Observer att Norge inte kan f\u00f6rbjuda f\u00f6retaget fr\u00e5n att verka inom Norges ekonomiska zon och det man vill pr\u00f6va r\u00e4ttsligt.<\/p>\n<p>\u2013 I princip str\u00e4cker sig Norge tolv sj\u00f6mil fr\u00e5n kusten och har full suver\u00e4nitet inom detta territorialvatten. D\u00e4remot omfattar inte begr\u00e4nsningarna i det rysk-norska fiskeavtalet vattnen utanf\u00f6r denna tolv-milszon.<\/p>\n<p><strong>L\u00c4S MER: <\/strong><a href=\"https:\/\/www.expressen.se\/nyheter\/varlden\/ryska-polisbilen-pa-norska-on-forbryllar-\/\" class=\"\" rel=\"nofollow noopener\" target=\"_blank\">Ryska \u201dpolisbilen\u201d p\u00e5 norska \u00f6n f\u00f6rbryllar<\/a><strong>L\u00c4S MER: <\/strong><a href=\"https:\/\/www.expressen.se\/nyheter\/varlden\/sparkar-ut-ryska-foretag-risk-for-spionage\/\" class=\"\" rel=\"nofollow noopener\" target=\"_blank\">Sparkar ut ryska f\u00f6retag \u2013 risk f\u00f6r spionage<\/a>Str\u00f6ml\u00f6st \u2022 Fyra d\u00f6da \u2022\u00a0Nattliga larmen.<\/p>\n","protected":false},"excerpt":{"rendered":"Publicerad 9 jan 2026 kl 21.24Uppdaterad kl 22.25 Ryske fiskemiljard\u00e4ren Vitalij Orlov utrustade sina fiskeb\u00e5tar med spionutrustning och&hellip;\n","protected":false},"author":2,"featured_media":132545,"comment_status":"","ping_status":"","sticky":false,"template":"","format":"standard","meta":{"footnotes":""},"categories":[14],"tags":[22,23,26,27,17,21,24,25,254,274,28,29,15,16,13505,203,18,34,55,31,33,32,30,19,5871,20,51,52,53,54],"class_list":{"0":"post-132544","1":"post","2":"type-post","3":"status-publish","4":"format-standard","5":"has-post-thumbnail","7":"category-varlden","8":"tag-breaking-news","9":"tag-breakingnews","10":"tag-featured-news","11":"tag-featurednews","12":"tag-headlines","13":"tag-huvudnyheter","14":"tag-latest-news","15":"tag-latestnews","16":"tag-location-norge","17":"tag-location-ryssland","18":"tag-main-news","19":"tag-mainnews","20":"tag-news","21":"tag-nyheter","22":"tag-organization-europeiska-radet","23":"tag-person-vladimir-putin","24":"tag-rubriker","25":"tag-se","26":"tag-sections-varlden","27":"tag-svenska","28":"tag-sverige","29":"tag-sweden","30":"tag-swedish","31":"tag-top-stories","32":"tag-topic-spioneri","33":"tag-topstories","34":"tag-varlden","35":"tag-world","36":"tag-world-news","37":"tag-worldnews"},"share_on_mastodon":{"url":"https:\/\/pubeurope.com\/@se\/115877869185107111","error":""},"_links":{"self":[{"href":"https:\/\/www.europesays.com\/se\/wp-json\/wp\/v2\/posts\/132544","targetHints":{"allow":["GET"]}}],"collection":[{"href":"https:\/\/www.europesays.com\/se\/wp-json\/wp\/v2\/posts"}],"about":[{"href":"https:\/\/www.europesays.com\/se\/wp-json\/wp\/v2\/types\/post"}],"author":[{"embeddable":true,"href":"https:\/\/www.europesays.com\/se\/wp-json\/wp\/v2\/users\/2"}],"replies":[{"embeddable":true,"href":"https:\/\/www.europesays.com\/se\/wp-json\/wp\/v2\/comments?post=132544"}],"version-history":[{"count":0,"href":"https:\/\/www.europesays.com\/se\/wp-json\/wp\/v2\/posts\/132544\/revisions"}],"wp:featuredmedia":[{"embeddable":true,"href":"https:\/\/www.europesays.com\/se\/wp-json\/wp\/v2\/media\/132545"}],"wp:attachment":[{"href":"https:\/\/www.europesays.com\/se\/wp-json\/wp\/v2\/media?parent=132544"}],"wp:term":[{"taxonomy":"category","embeddable":true,"href":"https:\/\/www.europesays.com\/se\/wp-json\/wp\/v2\/categories?post=132544"},{"taxonomy":"post_tag","embeddable":true,"href":"https:\/\/www.europesays.com\/se\/wp-json\/wp\/v2\/tags?post=132544"}],"curies":[{"name":"wp","href":"https:\/\/api.w.org\/{rel}","templated":true}]}}