{"id":132546,"date":"2026-01-11T18:26:26","date_gmt":"2026-01-11T18:26:26","guid":{"rendered":"https:\/\/www.europesays.com\/se\/132546\/"},"modified":"2026-01-11T18:26:26","modified_gmt":"2026-01-11T18:26:26","slug":"materialforvaltaren-anmald-till-disciplinnamnden","status":"publish","type":"post","link":"https:\/\/www.europesays.com\/se\/132546\/","title":{"rendered":"Materialf\u00f6rvaltaren (!) anm\u00e4ld till disciplinn\u00e4mnden"},"content":{"rendered":"<p><strong>Under matchen mellan <a href=\"https:\/\/hockeysverige.se\/klubb\/bik-karlskoga\/\" rel=\"nofollow noopener\" target=\"_blank\">Karlskoga<\/a> och <a href=\"https:\/\/hockeysverige.se\/klubb\/if-troja-ljungby\/\" rel=\"nofollow noopener\" target=\"_blank\">Troja\/Ljungby<\/a> h\u00e4nde n\u00e5got ovanligt. Trojas materialf\u00f6rvaltare blev utvisad \u2013 och har nu \u00e4ven blivit anm\u00e4ld till disciplinn\u00e4mnden.<\/strong><br \/><strong>Senare under dagen kom beskedet att Terry H\u00e4gg f\u00e5r 2 500 kronor i b\u00f6ter.<\/strong><\/p>\n<p><img loading=\"lazy\" decoding=\"async\" width=\"1024\" height=\"658\" src=\"https:\/\/www.europesays.com\/se\/wp-content\/uploads\/2026\/01\/Terry-Hagg-1024x658.webp.webp\" alt=\"\" class=\"wp-image-344300\"  \/>Terry H\u00e4gg och Arvils Bergmanis har anm\u00e4lts till disciplinn\u00e4mnden.<br \/><strong>Foto: <\/strong>Magnus Lejhall \/ Bildbyr\u00e5n.<\/p>\n<p>Troja\/Ljungby vann mot Karlskoga p\u00e5 bortaplan i g\u00e5r och tog tre blytunga po\u00e4ng i bottenstriden. Samtidigt har tv\u00e5 stycken i laget anm\u00e4lts till disciplinn\u00e4mnden efter matchen. Varav en spelare och en materialf\u00f6rvaltare.<\/p>\n<p>Det var i den andra perioden som Arvils Bergmanis fick matchstraff f\u00f6r en huvudtackling. I samband med det gick \u00e4ven deras materialare, Terry H\u00e4gg, mot motst\u00e5ndarnas b\u00e5s och sa ett par v\u00e4l valda ord innan han \u00e4ven visade upp l\u00e5ngfingret, enligt situationsrummet. Det blev d\u00e5 en misconduct f\u00f6r osportsligt upptr\u00e4dande och en extra tv\u00e5a p\u00e5 laget.<\/p>\n<p>\u201dN\u00e4r spelaren l\u00e4mnar utvisningsb\u00e5set efter videobed\u00f6mningen f\u00f6r att bege sig till sitt omkl\u00e4dningsrum tar Trojas materialf\u00f6rvaltare Terry H\u00e4gg en position utanf\u00f6r sitt spelarb\u00e5s, n\u00e4stan inne i motst\u00e5ndarnas spelarb\u00e5s. Han skriker n\u00e5gonting mot motst\u00e5ndarnas spelarb\u00e5s och pekar d\u00e4refter finger i samma riktning. Terry H\u00e4gg \u00e5d\u00f6ms lagstraff plus game misconduct f\u00f6r unsportsmanlike conduct och anm\u00e4ls h\u00e4rmed till bestraffning,\u201d skriver n\u00e4mnden i sin <a href=\"https:\/\/www.hockeyallsvenskan.se\/article\/19yat8p-1el1\/view\" rel=\"nofollow noopener\" target=\"_blank\">anm\u00e4lan<\/a>.<\/p>\n<p>Domarna mot b\u00e5de Arvils Bergmanis och Terry H\u00e4gg kom senare under s\u00f6ndagen. Det st\u00e5r d\u00e5 klart att backen f\u00e5r tv\u00e5 matchers avst\u00e4ngning samtidigt som materialaren f\u00e5r 2 500 kronor i b\u00f6ter.<\/p>\n","protected":false},"excerpt":{"rendered":"Under matchen mellan Karlskoga och Troja\/Ljungby h\u00e4nde n\u00e5got ovanligt. Trojas materialf\u00f6rvaltare blev utvisad \u2013 och har nu \u00e4ven&hellip;\n","protected":false},"author":2,"featured_media":132547,"comment_status":"","ping_status":"","sticky":false,"template":"","format":"standard","meta":{"footnotes":""},"categories":[5],"tags":[22,23,26,27,17,621,21,24,25,28,29,15,16,18,34,133,31,33,32,30,19,20],"class_list":{"0":"post-132546","1":"post","2":"type-post","3":"status-publish","4":"format-standard","5":"has-post-thumbnail","7":"category-rubriker","8":"tag-breaking-news","9":"tag-breakingnews","10":"tag-featured-news","11":"tag-featurednews","12":"tag-headlines","13":"tag-hockeyallsvenskan","14":"tag-huvudnyheter","15":"tag-latest-news","16":"tag-latestnews","17":"tag-main-news","18":"tag-mainnews","19":"tag-news","20":"tag-nyheter","21":"tag-rubriker","22":"tag-se","23":"tag-second-news","24":"tag-svenska","25":"tag-sverige","26":"tag-sweden","27":"tag-swedish","28":"tag-top-stories","29":"tag-topstories"},"share_on_mastodon":{"url":"https:\/\/pubeurope.com\/@se\/115877877051940699","error":""},"_links":{"self":[{"href":"https:\/\/www.europesays.com\/se\/wp-json\/wp\/v2\/posts\/132546","targetHints":{"allow":["GET"]}}],"collection":[{"href":"https:\/\/www.europesays.com\/se\/wp-json\/wp\/v2\/posts"}],"about":[{"href":"https:\/\/www.europesays.com\/se\/wp-json\/wp\/v2\/types\/post"}],"author":[{"embeddable":true,"href":"https:\/\/www.europesays.com\/se\/wp-json\/wp\/v2\/users\/2"}],"replies":[{"embeddable":true,"href":"https:\/\/www.europesays.com\/se\/wp-json\/wp\/v2\/comments?post=132546"}],"version-history":[{"count":0,"href":"https:\/\/www.europesays.com\/se\/wp-json\/wp\/v2\/posts\/132546\/revisions"}],"wp:featuredmedia":[{"embeddable":true,"href":"https:\/\/www.europesays.com\/se\/wp-json\/wp\/v2\/media\/132547"}],"wp:attachment":[{"href":"https:\/\/www.europesays.com\/se\/wp-json\/wp\/v2\/media?parent=132546"}],"wp:term":[{"taxonomy":"category","embeddable":true,"href":"https:\/\/www.europesays.com\/se\/wp-json\/wp\/v2\/categories?post=132546"},{"taxonomy":"post_tag","embeddable":true,"href":"https:\/\/www.europesays.com\/se\/wp-json\/wp\/v2\/tags?post=132546"}],"curies":[{"name":"wp","href":"https:\/\/api.w.org\/{rel}","templated":true}]}}