{"id":132548,"date":"2026-01-11T18:33:11","date_gmt":"2026-01-11T18:33:11","guid":{"rendered":"https:\/\/www.europesays.com\/se\/132548\/"},"modified":"2026-01-11T18:33:11","modified_gmt":"2026-01-11T18:33:11","slug":"forsvaret-avrader-ny-signalsystem-pa-tjustbanan","status":"publish","type":"post","link":"https:\/\/www.europesays.com\/se\/132548\/","title":{"rendered":"F\u00f6rsvaret avr\u00e5der ny signalsystem p\u00e5 Tjustbanan"},"content":{"rendered":"<p>Vi har ber\u00e4ttat om j\u00e4ttesatsningen p\u00e5 Tjustbanan. Under ett \u00e5r vill Trafikverket ers\u00e4tta det nuvarande signalsystemet med det nya systemet ERTMS-2. Ett arbete som v\u00e4ntas kosta 750 miljoner kronor. Till det kommer att regionen k\u00f6per in nya t\u00e5g som ska fungera med den nya standarden.Nu har F\u00f6rsvarsmakten inv\u00e4ndningar. Det g\u00e4ller hela satsningen p\u00e5 en ny teknikstandard, <\/p>\n","protected":false},"excerpt":{"rendered":"Vi har ber\u00e4ttat om j\u00e4ttesatsningen p\u00e5 Tjustbanan. Under ett \u00e5r vill Trafikverket ers\u00e4tta det nuvarande signalsystemet med det&hellip;\n","protected":false},"author":2,"featured_media":132549,"comment_status":"","ping_status":"","sticky":false,"template":"","format":"standard","meta":{"footnotes":""},"categories":[12],"tags":[22,23,26,27,17,21,24,25,28,29,15,16,18,34,31,33,32,30,19,20],"class_list":{"0":"post-132548","1":"post","2":"type-post","3":"status-publish","4":"format-standard","5":"has-post-thumbnail","7":"category-sverige","8":"tag-breaking-news","9":"tag-breakingnews","10":"tag-featured-news","11":"tag-featurednews","12":"tag-headlines","13":"tag-huvudnyheter","14":"tag-latest-news","15":"tag-latestnews","16":"tag-main-news","17":"tag-mainnews","18":"tag-news","19":"tag-nyheter","20":"tag-rubriker","21":"tag-se","22":"tag-svenska","23":"tag-sverige","24":"tag-sweden","25":"tag-swedish","26":"tag-top-stories","27":"tag-topstories"},"share_on_mastodon":{"url":"https:\/\/pubeurope.com\/@se\/115877904702063814","error":""},"_links":{"self":[{"href":"https:\/\/www.europesays.com\/se\/wp-json\/wp\/v2\/posts\/132548","targetHints":{"allow":["GET"]}}],"collection":[{"href":"https:\/\/www.europesays.com\/se\/wp-json\/wp\/v2\/posts"}],"about":[{"href":"https:\/\/www.europesays.com\/se\/wp-json\/wp\/v2\/types\/post"}],"author":[{"embeddable":true,"href":"https:\/\/www.europesays.com\/se\/wp-json\/wp\/v2\/users\/2"}],"replies":[{"embeddable":true,"href":"https:\/\/www.europesays.com\/se\/wp-json\/wp\/v2\/comments?post=132548"}],"version-history":[{"count":0,"href":"https:\/\/www.europesays.com\/se\/wp-json\/wp\/v2\/posts\/132548\/revisions"}],"wp:featuredmedia":[{"embeddable":true,"href":"https:\/\/www.europesays.com\/se\/wp-json\/wp\/v2\/media\/132549"}],"wp:attachment":[{"href":"https:\/\/www.europesays.com\/se\/wp-json\/wp\/v2\/media?parent=132548"}],"wp:term":[{"taxonomy":"category","embeddable":true,"href":"https:\/\/www.europesays.com\/se\/wp-json\/wp\/v2\/categories?post=132548"},{"taxonomy":"post_tag","embeddable":true,"href":"https:\/\/www.europesays.com\/se\/wp-json\/wp\/v2\/tags?post=132548"}],"curies":[{"name":"wp","href":"https:\/\/api.w.org\/{rel}","templated":true}]}}