{"id":132556,"date":"2026-01-11T18:49:16","date_gmt":"2026-01-11T18:49:16","guid":{"rendered":"https:\/\/www.europesays.com\/se\/132556\/"},"modified":"2026-01-11T18:49:16","modified_gmt":"2026-01-11T18:49:16","slug":"president-trump-till-kuba-gor-en-uppgorelse-innan-det-ar-for-sent-utrikes","status":"publish","type":"post","link":"https:\/\/www.europesays.com\/se\/132556\/","title":{"rendered":"President Trump till Kuba: G\u00f6r en uppg\u00f6relse innan det \u00e4r f\u00f6r sent | Utrikes"},"content":{"rendered":"<p class=\"aw-1gybjub aw-5vja16 kEtdKx kmuxyA yle__article__paragraph\">Trump har tidigare antytt att USA kan sl\u00e5 till milit\u00e4rt mot Kuba. <\/p>\n<p><img decoding=\"async\" alt=\"Donald Trump st\u00e5r framf\u00f6r en rad amerikanska flaggor och pekar mot publiken med h\u00f6ger pekvinger.\" src=\"https:\/\/www.europesays.com\/se\/wp-content\/uploads\/2026\/01\/39-1578825696017996c25e.jpeg\" class=\"aw-1l9m598 hKVVvP\"\/><\/p>\n<p>\u00d6ppna bildvisare<\/p>\n<p>Donald Trump uppmanar Kuba att g\u00f6ra en uppg\u00f6relse. Bild: Daniel Torok \/ AOPLyssna (du h\u00f6r en artificiell r\u00f6st) 2:23<\/p>\n<p class=\"aw-1gybjub aw-1p7kakr kEtdKx cEmitX yle__article__paragraph\">USA:s president <strong class=\"aw-ak79eh KyCXm yle__article__strong\">Donald Trump<\/strong> uppmanade p\u00e5 s\u00f6ndagen Kuba att \u201dg\u00f6ra en uppg\u00f6relse innan det \u00e4r f\u00f6r sent\u201d.<\/p>\n<p class=\"aw-1gybjub aw-1p7kakr kEtdKx cEmitX yle__article__paragraph\">I ett inl\u00e4gg p\u00e5 sin <a class=\"aw-iao6s4 iHOxEa yle__article__link\" href=\"https:\/\/truthsocial.com\/@realDonaldTrump\/115876460615555838\" role=\"link\" rel=\"nofollow noopener\" target=\"_blank\">Truth Social-kanal<\/a> varnar Trump f\u00f6r att fl\u00f6det av venezuelansk olja och pengar till Havanna nu kommer att upph\u00f6ra.<\/p>\n<p class=\"aw-1gybjub aw-1p7kakr kEtdKx cEmitX yle__article__paragraph\">\u201dDet kommer inte att finnas mer olja eller pengar till Kuba \u2013 noll!\u201d, skriver Trump.<\/p>\n<p class=\"aw-1gybjub aw-1p7kakr kEtdKx cEmitX yle__article__paragraph\">Hans uttalande kommer en vecka efter att amerikanska styrkor grep Venezuelas president <strong class=\"aw-ak79eh KyCXm yle__article__strong\">Nicol\u00e1s Maduro<\/strong>.<\/p>\n<p class=\"aw-1gybjub aw-1p7kakr kEtdKx cEmitX yle__article__paragraph\">P\u00e5 grund av ett amerikanskt handelsembargo har Havanna sedan \u00e5r 2000 i allt h\u00f6gre grad f\u00f6rlitat sig p\u00e5 venezuelansk olja som del av ett avtal som sl\u00f6ts med Maduros f\u00f6retr\u00e4dare <strong class=\"aw-ak79eh KyCXm yle__article__strong\">Hugo Chavez<\/strong>.<\/p>\n<p class=\"aw-1gybjub aw-1p7kakr kEtdKx cEmitX yle__article__paragraph\">Efter att Maduro greps har Trump pressat tillf\u00f6rordnade presidenten <strong class=\"aw-ak79eh KyCXm yle__article__strong\">Delcy Rodriguez<\/strong> att skicka venezuelansk olja till USA.<\/p>\n<p class=\"aw-1gybjub aw-1p7kakr kEtdKx cEmitX yle__article__paragraph\">F\u00f6r Kuba \u00e4r f\u00f6rlusten av venezuelansk olja f\u00f6r\u00f6dande. Mellan januari och november i fjol skickade Venezuela i genomsnitt 27\u00a0000 fat r\u00e5olja per dag till Kuba, vilket t\u00e4ckte ungef\u00e4r 50 procent av landets oljeunderskott, enligt uppgifter fr\u00e5n det venezuelanska statliga oljebolaget PDVSA.<\/p>\n<p>\u201dRubio som president i Kuba l\u00e5ter bra\u201d<\/p>\n<p class=\"aw-1gybjub aw-1p7kakr kEtdKx cEmitX yle__article__paragraph\">I inl\u00e4gget p\u00e5 Truth Social skriver Trump ocks\u00e5 att \u201dKuba levde, under m\u00e5nga \u00e5r, p\u00e5 stora m\u00e4ngder olja och pengar fr\u00e5n Venezuela. I utbyte gav Kuba \u201ds\u00e4kerhetstj\u00e4nster\u201d \u00e5t de tv\u00e5 senaste venezuelanska diktatorerna, men inte l\u00e4ngre!\u201d.<\/p>\n<p class=\"aw-1gybjub aw-1p7kakr kEtdKx cEmitX yle__article__paragraph\">\u201dDe flesta av dessa kubaner \u00e4r d\u00f6da efter f\u00f6rra veckans amerikanska attack, och Venezuela beh\u00f6ver inte l\u00e4ngre skydd fr\u00e5n de gangstrar och utpressare som har h\u00e5llit dem som gisslan i s\u00e5 m\u00e5nga \u00e5r\u201d, skriver Trump.<\/p>\n<p><img decoding=\"async\" alt=\"Donald Trump sitter vid ett bord och skrattar medan Marco Rubio ser p\u00e5 honom.\" src=\"https:\/\/www.europesays.com\/se\/wp-content\/uploads\/2026\/01\/39-1579455696173cd3a825.jpeg\" loading=\"lazy\" class=\"aw-1l9m598 hKVVvP\"\/><\/p>\n<p>\u00d6ppna bildvisare<\/p>\n<p>Tump tycker att det l\u00e5ter som en bra id\u00e9 med utrikesminister Rubio som president i Kuba.  Bild: Sau Loeb \/ AFP \/ Lehtikuva<\/p>\n<p class=\"aw-1gybjub aw-1p7kakr kEtdKx cEmitX yle__article__paragraph\">President Trump och utrikesminister <strong class=\"aw-ak79eh KyCXm yle__article__strong\">Marco Rubio<\/strong> har tidigare antytt att USA kan sl\u00e5 till milit\u00e4rt mot Kuba.<\/p>\n<p class=\"aw-1gybjub aw-1p7kakr kEtdKx cEmitX yle__article__paragraph\">Tidigare p\u00e5 s\u00f6ndagen delade Trump ett inl\u00e4gg som f\u00f6reslog att Rubio skulle kunna bli president i Kuba.<\/p>\n<p class=\"aw-1gybjub aw-1p7kakr kEtdKx cEmitX yle__article__paragraph\">Trump delade inl\u00e4gget med kommentaren: \u201dL\u00e5ter bra!\u201d.<\/p>\n<p class=\"aw-1gybjub aw-1p7kakr kEtdKx cEmitX yle__article__paragraph\">Kubas president <strong class=\"aw-ak79eh KyCXm yle__article__strong\">Miguel Diaz-Canel<\/strong> avvisade p\u00e5 s\u00f6ndagen Trumps hot mot landet och lovade att f\u00f6rsvara Kuba.<\/p>\n<p class=\"aw-1gybjub aw-1p7kakr kEtdKx cEmitX yle__article__paragraph\">\u201dKuba \u00e4r en fri, sj\u00e4lvst\u00e4ndig och suver\u00e4n nation. Ingen talar om f\u00f6r oss vad vi ska g\u00f6ra\u201d, skrev Diaz-Canel p\u00e5 X, och tillade att den karibiska \u00f6n \u00e4r \u201dredo att f\u00f6rsvara fosterlandet till sista blodsdroppen\u201d.<\/p>\n","protected":false},"excerpt":{"rendered":"Trump har tidigare antytt att USA kan sl\u00e5 till milit\u00e4rt mot Kuba. \u00d6ppna bildvisare Donald Trump uppmanar Kuba&hellip;\n","protected":false},"author":2,"featured_media":132557,"comment_status":"","ping_status":"","sticky":false,"template":"","format":"standard","meta":{"footnotes":""},"categories":[14],"tags":[22,23,385,26,27,13506,17,13507,21,1742,12642,24,25,28,29,15,2546,16,18,34,31,33,32,30,19,20,74,3818,237,51,2545,52,53,54],"class_list":{"0":"post-132556","1":"post","2":"type-post","3":"status-publish","4":"format-standard","5":"has-post-thumbnail","7":"category-varlden","8":"tag-breaking-news","9":"tag-breakingnews","10":"tag-donald-trump","11":"tag-featured-news","12":"tag-featurednews","13":"tag-havanna","14":"tag-headlines","15":"tag-hugo-chavez","16":"tag-huvudnyheter","17":"tag-internationell-politik","18":"tag-kuba","19":"tag-latest-news","20":"tag-latestnews","21":"tag-main-news","22":"tag-mainnews","23":"tag-news","24":"tag-nicolas-maduro","25":"tag-nyheter","26":"tag-rubriker","27":"tag-se","28":"tag-svenska","29":"tag-sverige","30":"tag-sweden","31":"tag-swedish","32":"tag-top-stories","33":"tag-topstories","34":"tag-usa","35":"tag-usas-president","36":"tag-utrikes","37":"tag-varlden","38":"tag-venezuela","39":"tag-world","40":"tag-world-news","41":"tag-worldnews"},"share_on_mastodon":{"url":"https:\/\/pubeurope.com\/@se\/115877967488261998","error":""},"_links":{"self":[{"href":"https:\/\/www.europesays.com\/se\/wp-json\/wp\/v2\/posts\/132556","targetHints":{"allow":["GET"]}}],"collection":[{"href":"https:\/\/www.europesays.com\/se\/wp-json\/wp\/v2\/posts"}],"about":[{"href":"https:\/\/www.europesays.com\/se\/wp-json\/wp\/v2\/types\/post"}],"author":[{"embeddable":true,"href":"https:\/\/www.europesays.com\/se\/wp-json\/wp\/v2\/users\/2"}],"replies":[{"embeddable":true,"href":"https:\/\/www.europesays.com\/se\/wp-json\/wp\/v2\/comments?post=132556"}],"version-history":[{"count":0,"href":"https:\/\/www.europesays.com\/se\/wp-json\/wp\/v2\/posts\/132556\/revisions"}],"wp:featuredmedia":[{"embeddable":true,"href":"https:\/\/www.europesays.com\/se\/wp-json\/wp\/v2\/media\/132557"}],"wp:attachment":[{"href":"https:\/\/www.europesays.com\/se\/wp-json\/wp\/v2\/media?parent=132556"}],"wp:term":[{"taxonomy":"category","embeddable":true,"href":"https:\/\/www.europesays.com\/se\/wp-json\/wp\/v2\/categories?post=132556"},{"taxonomy":"post_tag","embeddable":true,"href":"https:\/\/www.europesays.com\/se\/wp-json\/wp\/v2\/tags?post=132556"}],"curies":[{"name":"wp","href":"https:\/\/api.w.org\/{rel}","templated":true}]}}