{"id":132558,"date":"2026-01-11T18:53:06","date_gmt":"2026-01-11T18:53:06","guid":{"rendered":"https:\/\/www.europesays.com\/se\/132558\/"},"modified":"2026-01-11T18:53:06","modified_gmt":"2026-01-11T18:53:06","slug":"vinst-mot-skovde-i-trollhattan","status":"publish","type":"post","link":"https:\/\/www.europesays.com\/se\/132558\/","title":{"rendered":"Vinst mot Sk\u00f6vde i Trollh\u00e4ttan"},"content":{"rendered":"<p><b>Tiondelar, kanske rentav hundradelar. IK S\u00e4vehof hade de tidsm\u00e4ssiga marginalerna p\u00e5 sin sida i s\u00f6ndagens avg\u00f6rande mot Sk\u00f6vde HF n\u00e4r det blev seger med 29\u201328.<\/b><\/p>\n<p>Arena \u00c4lvh\u00f6gsborg i Trollh\u00e4ttan var spelplats f\u00f6r s\u00f6ndagskv\u00e4llens m\u00f6te med Sk\u00f6vde. P\u00e5 pappret var det \u00e4nd\u00e5 hemmaplan f\u00f6r S\u00e4vehof och laget kunde etablera ett \u00f6vertag under den andra halvan av den f\u00f6rsta halvleken. Det var underl\u00e4ge med 5\u20136 innan fem raka m\u00e5l f\u00f6r Gulsvart v\u00e4nde p\u00e5 matchen och i paus var det \u00f6vertag med 14\u201312.<\/p>\n<p>Lagen stod \u00e5terigen j\u00e4msides n\u00e4r Sk\u00f6vde kontrade in 16\u201316 knappt fem minuter in i den andra halvleken. Matilda Forsberg och El\u00edn Klara Thorkelsd\u00f3ttir ordnade tillf\u00e4lligt en ny tv\u00e5m\u00e5lsledning, men motst\u00e5ndarna skulle komma tillbaka p\u00e5 nytt och \u00e4ven ta sig f\u00f6rbi.<\/p>\n<p>Ett ordentligt viljem\u00e5l fr\u00e5n Stella Huselius j\u00e4mnade ut matchen till 26\u201326 med f\u00e4rre \u00e4n tio minuter kvar p\u00e5 matchklockan. Lagen fortsatte att befinna sig m\u00e5lm\u00e4ssigt n\u00e4ra varandra in p\u00e5 slutet d\u00e4r stor dramatik utspelades. Med kort mellanrum fick Sk\u00f6vde dubbla frikast i offensivt l\u00e4ge och vid det andra tillf\u00e4llet gick bollen in mellan stolparna. Slutsignalen hade dock precis hunnit g\u00e5 och n\u00e5got sista m\u00e5l d\u00f6mdes aldrig, utan S\u00e4vehof h\u00f6ll undan i Trollh\u00e4ttan och vann med uddam\u00e5let fram till 29\u201328.<\/p>\n<p>P\u00e5 m\u00e5ndag och tisdag finns det tid f\u00f6r \u00e5terh\u00e4mtning och f\u00f6rberedelser innan det p\u00e5 onsdag \u00e4r matchdag igen. D\u00e5 \u00e4r laget tillbaka i Partille Arena f\u00f6r hemmamatch mot Kung\u00e4lv.<\/p>\n<p><b>IK S\u00e4vehof \u2013 Sk\u00f6vde HF 29\u201328 (14\u201312)<\/b><\/p>\n<p><b>IK S\u00e4vehofs m\u00e5lskyttar:<\/b> Kim Molenaar 5, El\u00edn Klara Thorkelsd\u00f3ttir 5, Stina Wiksfors 5, Stella Huselius 4, Nina Dano 4, Matilda Forsberg 3, Ida Sembe 1, Tilde Skoog 1 och Emma Mihailovic 1.<\/p>\n<p><b>Sk\u00f6vde HF:s m\u00e5lskyttar: <\/b>Tindra Sahlin Wallenius 7, Nora Jakobsson van Stam 4, Verena O\u00dfwald 4, Manon Zijlmans 3, Michaela Ek 3, Selma Hestner Olsson 3, Christina S\u00f6ndergaard Nielsen 1, Natalie W\u00e4stefors 1, Britta Jakobsson van Stam 1 och Emma Andersson 1.<\/p>\n<p><strong>\u2013 Erik Malmqvist<\/strong><\/p>\n","protected":false},"excerpt":{"rendered":"Tiondelar, kanske rentav hundradelar. IK S\u00e4vehof hade de tidsm\u00e4ssiga marginalerna p\u00e5 sin sida i s\u00f6ndagens avg\u00f6rande mot Sk\u00f6vde&hellip;\n","protected":false},"author":2,"featured_media":132559,"comment_status":"","ping_status":"","sticky":false,"template":"","format":"standard","meta":{"footnotes":""},"categories":[68],"tags":[12233,12641,34,111,110,12238,31,33,32,30],"class_list":{"0":"post-132558","1":"post","2":"type-post","3":"status-publish","4":"format-standard","5":"has-post-thumbnail","7":"category-sport","8":"tag-elin-klara-thorkelsdottir","9":"tag-matilda-forsberg","10":"tag-se","11":"tag-sport","12":"tag-sports","13":"tag-stella-huselius","14":"tag-svenska","15":"tag-sverige","16":"tag-sweden","17":"tag-swedish"},"share_on_mastodon":{"url":"https:\/\/pubeurope.com\/@se\/115877983354804246","error":""},"_links":{"self":[{"href":"https:\/\/www.europesays.com\/se\/wp-json\/wp\/v2\/posts\/132558","targetHints":{"allow":["GET"]}}],"collection":[{"href":"https:\/\/www.europesays.com\/se\/wp-json\/wp\/v2\/posts"}],"about":[{"href":"https:\/\/www.europesays.com\/se\/wp-json\/wp\/v2\/types\/post"}],"author":[{"embeddable":true,"href":"https:\/\/www.europesays.com\/se\/wp-json\/wp\/v2\/users\/2"}],"replies":[{"embeddable":true,"href":"https:\/\/www.europesays.com\/se\/wp-json\/wp\/v2\/comments?post=132558"}],"version-history":[{"count":0,"href":"https:\/\/www.europesays.com\/se\/wp-json\/wp\/v2\/posts\/132558\/revisions"}],"wp:featuredmedia":[{"embeddable":true,"href":"https:\/\/www.europesays.com\/se\/wp-json\/wp\/v2\/media\/132559"}],"wp:attachment":[{"href":"https:\/\/www.europesays.com\/se\/wp-json\/wp\/v2\/media?parent=132558"}],"wp:term":[{"taxonomy":"category","embeddable":true,"href":"https:\/\/www.europesays.com\/se\/wp-json\/wp\/v2\/categories?post=132558"},{"taxonomy":"post_tag","embeddable":true,"href":"https:\/\/www.europesays.com\/se\/wp-json\/wp\/v2\/tags?post=132558"}],"curies":[{"name":"wp","href":"https:\/\/api.w.org\/{rel}","templated":true}]}}