{"id":132562,"date":"2026-01-11T18:57:22","date_gmt":"2026-01-11T18:57:22","guid":{"rendered":"https:\/\/www.europesays.com\/se\/132562\/"},"modified":"2026-01-11T18:57:22","modified_gmt":"2026-01-11T18:57:22","slug":"baragaren-hittade-doda-bakom-last-dorr","status":"publish","type":"post","link":"https:\/\/www.europesays.com\/se\/132562\/","title":{"rendered":"Bar\u00e4garen hittade d\u00f6da bakom l\u00e5st d\u00f6rr"},"content":{"rendered":"<p class=\"boxtextgrotesk-root_baa6 hyperion-css-7pajle\">Publicerad 2026-01-10 21.39<\/p>\n<p>share-arrowDela<\/p>\n<p>unsaveSpara<\/p>\n<p>expand-left<\/p>\n<p>helsk\u00e4rm<img decoding=\"async\" class=\"image-asset hyperion-css-u06ts1\" data-test-tag=\"image-asset\" src=\"https:\/\/www.europesays.com\/se\/wp-content\/uploads\/2026\/01\/980011df-9e47-46ff-bcd4-b0dbb0c83d6c.jpeg\"  alt=\"Baren sp\u00e4rrades av efter branden. Bilden \u00e4r tagen den 2 januari.\"  loading=\"eager\" fetchpriority=\"high\" style=\"aspect-ratio:1900 \/ 1267\"\/>Baren sp\u00e4rrades av efter branden. Bilden \u00e4r tagen den 2 januari. Foto: Baz Ratner\/AP\/TT<\/p>\n<p class=\"hyperion-css-1shl3oz\" data-test-tag=\"lead-text\">En av \u00e4garna till baren i Schweiz som drabbades av den d\u00f6dliga branden p\u00e5 ny\u00e5rsnatten hittade flera d\u00f6da personer bakom en l\u00e5st bakd\u00f6rr n\u00e4r han kom till platsen.<\/p>\n<p class=\"hyperion-css-1shl3oz\" data-test-tag=\"lead-text\">Det uppger bar\u00e4garen i f\u00f6rh\u00f6r, enligt franska och schweiziska medier.<\/p>\n<p class=\"hyperion-css-1v9qo5x\">Minst 40 personer, varav merparten ton\u00e5ringar, omkom i l\u00e5gorna p\u00e5 popul\u00e4ra baren Le Constellation i skidorten Crans-Montana under ny\u00e5rsnatten och \u00f6ver 100 skadades.<\/p>\n<p class=\"hyperion-css-1v9qo5x\">Den ena av barens tv\u00e5 \u00e4gare, en fransman, frihetsber\u00f6vades i fredags. I f\u00f6rh\u00f6r som flera medier tagit del uppger han i f\u00f6rh\u00f6r att han uppt\u00e4ckte den l\u00e5sta bakd\u00f6rren i samband med att han gick in i lokalerna efter branden.<\/p>\n<p class=\"hyperion-css-1v9qo5x\">N\u00e4r han brutit upp d\u00f6rren, som ska ha l\u00e5sts inifr\u00e5n, fann han att d\u00e4r l\u00e5g flera d\u00f6da m\u00e4nniskor.<\/p>\n<p class=\"hyperion-css-1v9qo5x\">De tv\u00e5 \u00e4garna misst\u00e4nks f\u00f6r bland annat motsvarande v\u00e5llande till annans d\u00f6d.<\/p>\n","protected":false},"excerpt":{"rendered":"Publicerad 2026-01-10 21.39 share-arrowDela unsaveSpara expand-left helsk\u00e4rmBaren sp\u00e4rrades av efter branden. Bilden \u00e4r tagen den 2 januari. Foto:&hellip;\n","protected":false},"author":2,"featured_media":132563,"comment_status":"","ping_status":"","sticky":false,"template":"","format":"standard","meta":{"footnotes":""},"categories":[14],"tags":[22,23,26,27,17,21,24,25,28,29,15,16,18,34,31,33,32,30,19,20,51,52,53,54],"class_list":{"0":"post-132562","1":"post","2":"type-post","3":"status-publish","4":"format-standard","5":"has-post-thumbnail","7":"category-varlden","8":"tag-breaking-news","9":"tag-breakingnews","10":"tag-featured-news","11":"tag-featurednews","12":"tag-headlines","13":"tag-huvudnyheter","14":"tag-latest-news","15":"tag-latestnews","16":"tag-main-news","17":"tag-mainnews","18":"tag-news","19":"tag-nyheter","20":"tag-rubriker","21":"tag-se","22":"tag-svenska","23":"tag-sverige","24":"tag-sweden","25":"tag-swedish","26":"tag-top-stories","27":"tag-topstories","28":"tag-varlden","29":"tag-world","30":"tag-world-news","31":"tag-worldnews"},"share_on_mastodon":{"url":"https:\/\/pubeurope.com\/@se\/115877999012006998","error":""},"_links":{"self":[{"href":"https:\/\/www.europesays.com\/se\/wp-json\/wp\/v2\/posts\/132562","targetHints":{"allow":["GET"]}}],"collection":[{"href":"https:\/\/www.europesays.com\/se\/wp-json\/wp\/v2\/posts"}],"about":[{"href":"https:\/\/www.europesays.com\/se\/wp-json\/wp\/v2\/types\/post"}],"author":[{"embeddable":true,"href":"https:\/\/www.europesays.com\/se\/wp-json\/wp\/v2\/users\/2"}],"replies":[{"embeddable":true,"href":"https:\/\/www.europesays.com\/se\/wp-json\/wp\/v2\/comments?post=132562"}],"version-history":[{"count":0,"href":"https:\/\/www.europesays.com\/se\/wp-json\/wp\/v2\/posts\/132562\/revisions"}],"wp:featuredmedia":[{"embeddable":true,"href":"https:\/\/www.europesays.com\/se\/wp-json\/wp\/v2\/media\/132563"}],"wp:attachment":[{"href":"https:\/\/www.europesays.com\/se\/wp-json\/wp\/v2\/media?parent=132562"}],"wp:term":[{"taxonomy":"category","embeddable":true,"href":"https:\/\/www.europesays.com\/se\/wp-json\/wp\/v2\/categories?post=132562"},{"taxonomy":"post_tag","embeddable":true,"href":"https:\/\/www.europesays.com\/se\/wp-json\/wp\/v2\/tags?post=132562"}],"curies":[{"name":"wp","href":"https:\/\/api.w.org\/{rel}","templated":true}]}}