{"id":132564,"date":"2026-01-11T18:58:07","date_gmt":"2026-01-11T18:58:07","guid":{"rendered":"https:\/\/www.europesays.com\/se\/132564\/"},"modified":"2026-01-11T18:58:07","modified_gmt":"2026-01-11T18:58:07","slug":"it-storning-paverkade-hemtjanst-och-hemsjukvard-nykoping-se","status":"publish","type":"post","link":"https:\/\/www.europesays.com\/se\/132564\/","title":{"rendered":"IT-st\u00f6rning p\u00e5verkade hemtj\u00e4nst och hemsjukv\u00e5rd \u2013 nykoping.se"},"content":{"rendered":"<p>En st\u00f6rning i flera av Nyk\u00f6pings kommuns it-system gjorde att hemtj\u00e4nstens insatser blev f\u00f6rsenade under helgen 10-11 januari. F\u00f6r att minimera att kunder drabbades kallades extrapersonal in och backup-system anv\u00e4ndes.<\/p>\n<p>&#8211; Vi \u00e4r tacksamma f\u00f6r att medarbetare inom hemtj\u00e4nst och hemsjukv\u00e5rd kunde st\u00e4lla om och g\u00f6ra sitt yttersta f\u00f6r att kunderna skulle f\u00e5 sina insatser trots att flera system inte fungerat, s\u00e4ger Mattias Carlsson, verksamhetschef f\u00f6r hemtj\u00e4nsten.<\/p>\n<p>Ett system fungerade inte<\/p>\n<p>Till en b\u00f6rjan var det flera system som var p\u00e5verkade, men fr\u00e5n l\u00f6rdag f\u00f6rmiddag enbart ett som \u00e4nnu inte fungerade: det system som anv\u00e4nds f\u00f6r planering och dokumentation.<\/p>\n<p>&#8211; Digitala system \u00e4r s\u00e4krare och tryggare f\u00f6r alla, b\u00e5de medarbetare och kunder. Men det g\u00e4ller att systemen fungerar. Nu i helgen fick vi i skarpt l\u00e4ge prova hur v\u00e5ra kontinuitetsplaner fungerar, hur vi arbetar om st\u00f6rningar sker. Det \u00e4r f\u00f6r tidigt att s\u00e4ga vad vi beh\u00f6ver justera i planerna, men mycket har g\u00e5tt bra, efter omst\u00e4ndigheterna, s\u00e4ger Mattias Carlsson.<\/p>\n<p>Insatser f\u00f6rsenades<\/p>\n<p>Tidvis var det l\u00e5ng k\u00f6 f\u00f6r hemtj\u00e4nstens medarbetare att h\u00e4mta ut nycklar f\u00f6r att kunna komma in hos kunder och i medicinsk\u00e5p. Det ledde till f\u00f6rsenade insatser under l\u00f6rdagen.<\/p>\n<p>Sjuksk\u00f6terskorna inom hemsjukv\u00e5rden bemannade upp b\u00e5de p\u00e5 telefon och \u00e5kte ut till kunder med st\u00f6rst behov. Medarbetare inom b\u00e5de den kommunala och privata hemtj\u00e4nsten fick kontinuerlig r\u00e5dgivning i vilka mediciner som beh\u00f6vde prioriteras och vilka som kunde tas vid senare tillf\u00e4lle.<\/p>\n<p>Viktig medicinering prioriteras alltid<\/p>\n<p>&#8211; Vi beklagar f\u00f6rseningarna hos kunder som IT-st\u00f6rningen har lett till. Men vi \u00e4r trygga med att ha f\u00f6ljt v\u00e5r plan f\u00f6r st\u00f6rningar d\u00e4r vi alltid prioriterar det n\u00f6dv\u00e4ndiga, mediciner, mat och toalettbes\u00f6k, s\u00e4ger Mattias Carlsson.<\/p>\n<p>Vissa st\u00f6rningar \u00e4r kvar under m\u00e5ndagen, men f\u00f6rhoppningen \u00e4r att alla planerade insatser ska kunna genomf\u00f6ras.<\/p>\n<p>Om du har fr\u00e5gor eller vill rapportera n\u00e5got, kontakta <a href=\"https:\/\/www.nykoping.se\/arkiv\/nyheter\/it-storning-paverkade-hemtjanst-och-hemsjukvard\/mailto:kundservice@nykoping.se\" rel=\"nofollow noopener\" target=\"_blank\">kundservice@nykoping.se<\/a> (om du har kommunal hemtj\u00e4nst) eller den v\u00e5rdgivare som du anlitar.<\/p>\n","protected":false},"excerpt":{"rendered":"En st\u00f6rning i flera av Nyk\u00f6pings kommuns it-system gjorde att hemtj\u00e4nstens insatser blev f\u00f6rsenade under helgen 10-11 januari.&hellip;\n","protected":false},"author":2,"featured_media":2786,"comment_status":"","ping_status":"","sticky":false,"template":"","format":"standard","meta":{"footnotes":""},"categories":[12],"tags":[22,23,26,27,17,21,24,25,28,29,15,16,18,34,31,33,32,30,19,20],"class_list":{"0":"post-132564","1":"post","2":"type-post","3":"status-publish","4":"format-standard","5":"has-post-thumbnail","7":"category-sverige","8":"tag-breaking-news","9":"tag-breakingnews","10":"tag-featured-news","11":"tag-featurednews","12":"tag-headlines","13":"tag-huvudnyheter","14":"tag-latest-news","15":"tag-latestnews","16":"tag-main-news","17":"tag-mainnews","18":"tag-news","19":"tag-nyheter","20":"tag-rubriker","21":"tag-se","22":"tag-svenska","23":"tag-sverige","24":"tag-sweden","25":"tag-swedish","26":"tag-top-stories","27":"tag-topstories"},"share_on_mastodon":{"url":"https:\/\/pubeurope.com\/@se\/115878002863451178","error":""},"_links":{"self":[{"href":"https:\/\/www.europesays.com\/se\/wp-json\/wp\/v2\/posts\/132564","targetHints":{"allow":["GET"]}}],"collection":[{"href":"https:\/\/www.europesays.com\/se\/wp-json\/wp\/v2\/posts"}],"about":[{"href":"https:\/\/www.europesays.com\/se\/wp-json\/wp\/v2\/types\/post"}],"author":[{"embeddable":true,"href":"https:\/\/www.europesays.com\/se\/wp-json\/wp\/v2\/users\/2"}],"replies":[{"embeddable":true,"href":"https:\/\/www.europesays.com\/se\/wp-json\/wp\/v2\/comments?post=132564"}],"version-history":[{"count":0,"href":"https:\/\/www.europesays.com\/se\/wp-json\/wp\/v2\/posts\/132564\/revisions"}],"wp:featuredmedia":[{"embeddable":true,"href":"https:\/\/www.europesays.com\/se\/wp-json\/wp\/v2\/media\/2786"}],"wp:attachment":[{"href":"https:\/\/www.europesays.com\/se\/wp-json\/wp\/v2\/media?parent=132564"}],"wp:term":[{"taxonomy":"category","embeddable":true,"href":"https:\/\/www.europesays.com\/se\/wp-json\/wp\/v2\/categories?post=132564"},{"taxonomy":"post_tag","embeddable":true,"href":"https:\/\/www.europesays.com\/se\/wp-json\/wp\/v2\/tags?post=132564"}],"curies":[{"name":"wp","href":"https:\/\/api.w.org\/{rel}","templated":true}]}}