{"id":132569,"date":"2026-01-11T19:06:10","date_gmt":"2026-01-11T19:06:10","guid":{"rendered":"https:\/\/www.europesays.com\/se\/132569\/"},"modified":"2026-01-11T19:06:10","modified_gmt":"2026-01-11T19:06:10","slug":"petra-hinterthaner-chef-for-polisomrade-norrbotten","status":"publish","type":"post","link":"https:\/\/www.europesays.com\/se\/132569\/","title":{"rendered":"Petra Hinterthaner chef f\u00f6r polisomr\u00e5de Norrbotten"},"content":{"rendered":"<p class=\"long-read-first-paragraph\">\u00a0Petra Hinterthaner beskriver sig sj\u00e4lv som \u201dganska tr\u00e5kig\u201d, men bakom orden finns en karri\u00e4r som sp\u00e4nner \u00f6ver tre decennier. Hon b\u00f6rjade som ingripandepolis i Stockholm och \u00e4r i dag chef \u00f6ver hela polisomr\u00e5de Norrbotten.Planen var egentligen aldrig att bli polis. N\u00e4r hon var 21 \u00e5r jobbade hon inom v\u00e5rden och visste inte vad hon ville g\u00f6ra. Ett bes\u00f6k p\u00e5 Polish\u00f6gskolan<\/p>\n","protected":false},"excerpt":{"rendered":"\u00a0Petra Hinterthaner beskriver sig sj\u00e4lv som \u201dganska tr\u00e5kig\u201d, men bakom orden finns en karri\u00e4r som sp\u00e4nner \u00f6ver tre&hellip;\n","protected":false},"author":2,"featured_media":132570,"comment_status":"","ping_status":"","sticky":false,"template":"","format":"standard","meta":{"footnotes":""},"categories":[12],"tags":[22,23,26,27,17,21,24,25,28,29,15,16,18,34,31,33,32,30,19,20],"class_list":{"0":"post-132569","1":"post","2":"type-post","3":"status-publish","4":"format-standard","5":"has-post-thumbnail","7":"category-sverige","8":"tag-breaking-news","9":"tag-breakingnews","10":"tag-featured-news","11":"tag-featurednews","12":"tag-headlines","13":"tag-huvudnyheter","14":"tag-latest-news","15":"tag-latestnews","16":"tag-main-news","17":"tag-mainnews","18":"tag-news","19":"tag-nyheter","20":"tag-rubriker","21":"tag-se","22":"tag-svenska","23":"tag-sverige","24":"tag-sweden","25":"tag-swedish","26":"tag-top-stories","27":"tag-topstories"},"share_on_mastodon":{"url":"https:\/\/pubeurope.com\/@se\/115878034289100072","error":""},"_links":{"self":[{"href":"https:\/\/www.europesays.com\/se\/wp-json\/wp\/v2\/posts\/132569","targetHints":{"allow":["GET"]}}],"collection":[{"href":"https:\/\/www.europesays.com\/se\/wp-json\/wp\/v2\/posts"}],"about":[{"href":"https:\/\/www.europesays.com\/se\/wp-json\/wp\/v2\/types\/post"}],"author":[{"embeddable":true,"href":"https:\/\/www.europesays.com\/se\/wp-json\/wp\/v2\/users\/2"}],"replies":[{"embeddable":true,"href":"https:\/\/www.europesays.com\/se\/wp-json\/wp\/v2\/comments?post=132569"}],"version-history":[{"count":0,"href":"https:\/\/www.europesays.com\/se\/wp-json\/wp\/v2\/posts\/132569\/revisions"}],"wp:featuredmedia":[{"embeddable":true,"href":"https:\/\/www.europesays.com\/se\/wp-json\/wp\/v2\/media\/132570"}],"wp:attachment":[{"href":"https:\/\/www.europesays.com\/se\/wp-json\/wp\/v2\/media?parent=132569"}],"wp:term":[{"taxonomy":"category","embeddable":true,"href":"https:\/\/www.europesays.com\/se\/wp-json\/wp\/v2\/categories?post=132569"},{"taxonomy":"post_tag","embeddable":true,"href":"https:\/\/www.europesays.com\/se\/wp-json\/wp\/v2\/tags?post=132569"}],"curies":[{"name":"wp","href":"https:\/\/api.w.org\/{rel}","templated":true}]}}