{"id":13257,"date":"2025-08-25T11:26:59","date_gmt":"2025-08-25T11:26:59","guid":{"rendered":"https:\/\/www.europesays.com\/se\/13257\/"},"modified":"2025-08-25T11:26:59","modified_gmt":"2025-08-25T11:26:59","slug":"spelarbetyg-malmo-ff-ifk-goteborg-0-0-han-ar-malmos-varsta-mardrom","status":"publish","type":"post","link":"https:\/\/www.europesays.com\/se\/13257\/","title":{"rendered":"Spelarbetyg Malm\u00f6 FF &#8211; IFK G\u00f6teborg (0-0) &#8221;Han \u00e4r Malm\u00f6s v\u00e4rsta mardr\u00f6m\u201d"},"content":{"rendered":"<p>Efter en j\u00e4mn f\u00f6rsta halvlek tog Malm\u00f6 \u00f6ver mer och mer och tryckte p\u00e5 h\u00e5rt f\u00f6r en seger in i det sista. Bl\u00e5vitt lyckades dock st\u00e5 emot och h\u00f6ll nollan intakt. Mycket tack vare en m\u00e5lvakt som kvitterar ut ett h\u00f6gt betyg.<\/p>\n<p><strong>Betygsskalan<\/strong><br \/>7- Landslagsklass<br \/>6- Mycket bra<br \/>5- Bra<br \/>4- Godk\u00e4nd<br \/>3- Underk\u00e4nd<br \/>2- D\u00e5lig<br \/>1- Usel<\/p>\n<p><strong>Elis Bishesari- 7<\/strong><br \/>Elis \u00e4r den enskilt st\u00f6rsta anledningen till att Bl\u00e5vitt l\u00e4mnar Malm\u00f6 med 1 po\u00e4ng. Redan i f\u00f6rsta halvlek st\u00e5r han f\u00f6r n\u00e5gra riktigt svettiga r\u00e4ddningar, bland annat lyckas han tippa ett skott i stolpen. I andra halvlek g\u00f6r han allt man kan beg\u00e4ra av en m\u00e5lvakt och lite till. Han r\u00e4ddar fril\u00e4gen, st\u00e5r i v\u00e4gen f\u00f6r avslut p\u00e5 n\u00e4ra h\u00e5ll och plockar ner inl\u00e4gg. Som kronan p\u00e5 verket r\u00e4ddar han Berg-Johnsens straff (f\u00f6r andra g\u00e5ngen denna s\u00e4songen) genom en minst sagt spektakul\u00e4r fotparad. Idag \u00e4r han Malm\u00f6s v\u00e4rsta mardr\u00f6m och att han h\u00e5ller nollan trots att Malm\u00f6s xG p\u00e5 n\u00e4stan 4,0 s\u00e4ger det mesta.<\/p>\n<p><strong>Thomas Santos- 5<\/strong><br \/>G\u00f6r en stabil match. Mycket delaktig offensivt under f\u00f6rsta halvlek utan att slarva i defensiven. L\u00e4gger ner ett otroligt jobb under andra halvlek, \u00e4ven om han har det svettigt i slutet av matchen. L\u00f6ser m\u00e5nga situationer med hj\u00e4lp av sin snabbhet.<\/p>\n<p><strong>Jonas Bager-<\/strong> 5 (ut 89)<br \/>Har en svettig dag p\u00e5 jobbet men n\u00e4r r\u00f6ken har lagt sig f\u00e5r vi konstatera att det \u00e4r en bra insats av Bager. St\u00e5r f\u00f6r ett aggressivt och uppoffrande f\u00f6rsvarsspel och \u00e4r hela tiden p\u00e5 r\u00e4tt plats f\u00f6r att t\u00e4cka skott n\u00e4r det beh\u00f6vs. B\u00e4st av mittbackarna idag men utbytt med en befarad skada.<\/p>\n<p><strong>August Erlingmark- 5<\/strong><br \/>En bra insats \u00e4ven av Agge idag. Sliter enormt f\u00f6r att freda Bl\u00e5vitts strafformr\u00e5de under Malm\u00f6s slutforcering. Det \u00e4r inte alltid klockrent men p\u00e5 det stora hela st\u00e5r han oftast r\u00e4tt och \u00e4r stark i luften. \u00c4r n\u00e4ra p\u00e5 att st\u00f6ta in ett ledningsm\u00e5l i f\u00f6rsta halvlek.<\/p>\n<p><strong>Noah Tolf- 6<\/strong><br \/>En mycket fin insats av Noah. Inte nog med att han var pigg i offensiven, han var \u00e4ven duktig p\u00e5 att h\u00e5lla i bollen s\u00e5 att laget fick vila under andra halvlek. Det trots att han fick slita enormt defensivt matchen igenom. Just Nohas defensiv stack verkligen ut idag och det verkade inte spelade ingen roll vilka dyra nyf\u00f6rv\u00e4rv Malm\u00f6 kastade mot honom. Han var hela tiden d\u00e4r och satte stopp och det \u00e4r imponerande i en av \u00e5rets sv\u00e5raste bortamatcher.<\/p>\n<p><strong>David Kruse- 5<\/strong><br \/>Gjorde kanske inte en av sina b\u00e4sta matcher idag men som tur \u00e4r har han blivit en spelare med en v\u00e4ldigt h\u00f6g l\u00e4gstaniv\u00e5. Han blir bara b\u00e4ttre och b\u00e4ttre i sitt defensiva positionsspel och som alltid var han v\u00e5rdad i passningsspelet och navet i Bl\u00e5vitts uppbyggnadssspel. Lite klumpigt f\u00f6rsvarsspel n\u00e4r han orsakade straffen men annars \u00e4r det \u00e4nnu en bra match av Kruse.<\/p>\n<p><strong>Kolbeinn Thordarson- 4<\/strong><br \/>Nyttig i presspelet och jobbar stenh\u00e5rt i defensiven. Kommer inte upp i samma niv\u00e5 offensivt i spelet med boll men sett \u00f6ver hela matchen \u00e4r han vital f\u00f6r att Bl\u00e5vitt lyckas st\u00e5 emot och h\u00e5lla nollan trots att man var tillbakatryckta stora delar av andra halvlek.<\/p>\n<p><strong>Tobias Heintz- 4<\/strong><br \/>F\u00f6rmodligen Bl\u00e5vitts b\u00e4sta spelare offensivt idag och som alltid \u00e4r han ett hot p\u00e5 liggande boll. H\u00e5ller i bollen och g\u00f6r sitt b\u00e4sta f\u00f6r att skapa chanser. Tyv\u00e4rr leder det inte till n\u00e5gra m\u00e5l idag men det \u00e4r en fullt godk\u00e4nd insats av Heintz. Defensivt g\u00f6r han det han ska, men inte s\u00e5 mycket mer.<\/p>\n<p><strong>Saidou Alioum- 2 <\/strong>(ut 61)<br \/>Alioum har ingen bra match och \u00e4r verkligen inte kompis med bollen. Bland annat inl\u00e4ggen l\u00e4mnar en hel del att \u00f6nska idag. Tyv\u00e4rr g\u00f6r hans spelstil att det ofta ser knackigt och lite amat\u00f6rm\u00e4ssigt ut n\u00e4r han inte lyckas med sina aktioner samtidigt som han kan blixtra till och ta sig fram p\u00e5 helt otroliga s\u00e4tt i n\u00e4sta sekvens. Idag var det mer av det f\u00f6rstn\u00e4mnda och d\u00e5 blir inte betyget h\u00f6gre \u00e4n en tv\u00e5a. Ska dock ha ett plus i kanten f\u00f6r sitt defensiva jobb.<\/p>\n<p><strong>Max Fenger- 4<\/strong><br \/>Offensivt har han inte mycket att jobba med idag d\u00e4r det \u00e4r en tuff kamp med Pontus Jansson i 90+ minuter. Lyckas trots det skapa sig ett bra l\u00e4ge som Ellborg i malm\u00f6m\u00e5let kommer ut bra p\u00e5 och r\u00e4ddar. D\u00e4rtill erbjuder han ett gediget defensivt arbete som \u00e4r starkt bidragande till att Bl\u00e5vitt rider ut stormen. En fullt godk\u00e4nd insats fr\u00e5n en m\u00e5ll\u00f6s anfallare.<\/p>\n<p><strong>Sebastian Clemmensen- 4<\/strong> (ut 83)<br \/>Hotade malm\u00f6f\u00f6rsvaret vid flera tillf\u00e4llen i f\u00f6rsta halvlek och var jobbig att handskas med. Tyv\u00e4rr saknades det lite i de avg\u00f6rande momenten. Mattades av i andra halvlek n\u00e4r han fr\u00e4mst fick fokusera p\u00e5 defensiven men absolut en godk\u00e4nd insats av Clemmensen.<\/p>\n<p><strong>Imam Jagne- 3 <\/strong>(in 61)<br \/>Imam forts\u00e4tter ha det tufft. Inbytt som ytter idag i brist p\u00e5 alternativ d\u00e4r han aldrig riktigt kom till sin r\u00e4tt. Inst\u00e4llningen och viljan \u00e4r det inget fel p\u00e5 men det brister i utf\u00f6randet f\u00f6r ofta f\u00f6r att han ska kunna bli godk\u00e4nd. Det blir ofta fel i beslutsfattandet och han kommer in fel i dueller och presspelet. \u00c4r och nosar p\u00e5 ett l\u00e4gre betyg, men r\u00e4ddas av att hela laget har det jobbigt under hans inhopp.<\/p>\n<p><strong>Gustav Svensson<\/strong> (in 83) och<strong> Rockson Yeboah<\/strong> (in 89)<\/p>\n","protected":false},"excerpt":{"rendered":"Efter en j\u00e4mn f\u00f6rsta halvlek tog Malm\u00f6 \u00f6ver mer och mer och tryckte p\u00e5 h\u00e5rt f\u00f6r en seger&hellip;\n","protected":false},"author":2,"featured_media":13258,"comment_status":"","ping_status":"","sticky":false,"template":"","format":"standard","meta":{"footnotes":""},"categories":[5],"tags":[159,22,23,158,157,26,27,138,17,156,21,24,25,28,29,165,164,15,16,140,18,34,160,162,111,31,161,33,32,30,163,19,20],"class_list":{"0":"post-13257","1":"post","2":"type-post","3":"status-publish","4":"format-standard","5":"has-post-thumbnail","7":"category-rubriker","8":"tag-allsvenskan","9":"tag-breaking-news","10":"tag-breakingnews","11":"tag-fans","12":"tag-fantv","13":"tag-featured-news","14":"tag-featurednews","15":"tag-fotboll","16":"tag-headlines","17":"tag-hockey","18":"tag-huvudnyheter","19":"tag-latest-news","20":"tag-latestnews","21":"tag-main-news","22":"tag-mainnews","23":"tag-matcher","24":"tag-matchprogram","25":"tag-news","26":"tag-nyheter","27":"tag-premier-league","28":"tag-rubriker","29":"tag-se","30":"tag-serie-a","31":"tag-spelschema","32":"tag-sport","33":"tag-svenska","34":"tag-svenskafans","35":"tag-sverige","36":"tag-sweden","37":"tag-swedish","38":"tag-tabeller","39":"tag-top-stories","40":"tag-topstories"},"share_on_mastodon":{"url":"","error":""},"_links":{"self":[{"href":"https:\/\/www.europesays.com\/se\/wp-json\/wp\/v2\/posts\/13257","targetHints":{"allow":["GET"]}}],"collection":[{"href":"https:\/\/www.europesays.com\/se\/wp-json\/wp\/v2\/posts"}],"about":[{"href":"https:\/\/www.europesays.com\/se\/wp-json\/wp\/v2\/types\/post"}],"author":[{"embeddable":true,"href":"https:\/\/www.europesays.com\/se\/wp-json\/wp\/v2\/users\/2"}],"replies":[{"embeddable":true,"href":"https:\/\/www.europesays.com\/se\/wp-json\/wp\/v2\/comments?post=13257"}],"version-history":[{"count":0,"href":"https:\/\/www.europesays.com\/se\/wp-json\/wp\/v2\/posts\/13257\/revisions"}],"wp:featuredmedia":[{"embeddable":true,"href":"https:\/\/www.europesays.com\/se\/wp-json\/wp\/v2\/media\/13258"}],"wp:attachment":[{"href":"https:\/\/www.europesays.com\/se\/wp-json\/wp\/v2\/media?parent=13257"}],"wp:term":[{"taxonomy":"category","embeddable":true,"href":"https:\/\/www.europesays.com\/se\/wp-json\/wp\/v2\/categories?post=13257"},{"taxonomy":"post_tag","embeddable":true,"href":"https:\/\/www.europesays.com\/se\/wp-json\/wp\/v2\/tags?post=13257"}],"curies":[{"name":"wp","href":"https:\/\/api.w.org\/{rel}","templated":true}]}}