{"id":132573,"date":"2026-01-11T19:10:35","date_gmt":"2026-01-11T19:10:35","guid":{"rendered":"https:\/\/www.europesays.com\/se\/132573\/"},"modified":"2026-01-11T19:10:35","modified_gmt":"2026-01-11T19:10:35","slug":"jag-blev-kar-i-23-aring","status":"publish","type":"post","link":"https:\/\/www.europesays.com\/se\/132573\/","title":{"rendered":"Jag blev k\u00e4r i 23-\u00e5ring"},"content":{"rendered":"<p>Publicerad 11 jan 2026 kl 12.30<\/p>\n<p>Den amerikanska komikern Kathy Griffin, 65, blev k\u00e4r i en \u00f6ver 40 \u00e5r yngre man efter skilsm\u00e4ssan fr\u00e5n sin exmake Randy Bick.<\/p>\n<p>\u201dHan fick mig att k\u00e4nna mig sexig och smart\u201d, <a href=\"https:\/\/www.thecut.com\/article\/comedian-kathy-griffin-dating-after-60-love-sex-aging.html\" rel=\"nofollow noopener\" target=\"_blank\">skriver hon<\/a> i The Cut.<\/p>\n<p>Senaste klippen fr\u00e5n Expressen inom n\u00f6je.<img   alt=\"\"\/><\/p>\n<p>Kathy Griffin ber\u00e4ttar i The Cut att hon dejtade en 23-\u00e5ring efter skilsm\u00e4ssan fr\u00e5n Randy Bick.<\/p>\n<p>Foto: MARK J. TERRILL \/ AP TT NYHETSBYR\u00c5N<\/p>\n<p>\u00d6ppna bild i helsk\u00e4rm<img loading=\"lazy\"   alt=\"\"\/><\/p>\n<p>Kathy Griffin med exmannen Randy Bick 2014.<\/p>\n<p>Foto: MHD, PACIFICCOASTNEWS \/ STELLA PICTURES PACIFICCOASTNEWS<\/p>\n<p>\u00d6ppna bild i helsk\u00e4rm<img loading=\"lazy\"   alt=\"\"\/><\/p>\n<p>Kathy Griffin och Randy Bick.<\/p>\n<p>Foto: PREMIERE\/ROCSTAR\/RR\/FAMEFLYNET \/ STELLA PICTURES<\/p>\n<p>\u00d6ppna bild i helsk\u00e4rm<img loading=\"lazy\"   alt=\"\"\/><\/p>\n<p>Kathy Griffin 2013.<\/p>\n<p>Foto: DARLA KHAZEI, PACIFICCOASTNEWS.C \/ STELLA PICTURES PACIFICCOASTNEWS.COM<\/p>\n<p>\u00d6ppna bild i helsk\u00e4rm<\/p>\n<p>Sk\u00e5despelaren och tv-profilen Kathy Griffin \u00e4r k\u00e4nd f\u00f6r roller i bland annat \u201dFresh Prince i Bel Air\u201d och \u201dK\u00e4ra Susan\u201d, samt sina egna st\u00e5upp-shower. Hon har inte varit r\u00e4dd f\u00f6r att sticka ut hakan och vara kontroversiell.<\/p>\n<p>I en ess\u00e4 f\u00f6r The Cut ber\u00e4ttar hon om en romans som v\u00e4xte fram efter att hon gett sig ut p\u00e5 dejtingmarknaden igen efter skilsm\u00e4ssan fr\u00e5n exmaken Randy Bick, 47.<\/p>\n<p>Hon skriver att det var v\u00e4ninnan och artisten Sia Furler som hj\u00e4lpte henne fixa konton p\u00e5 dejtingappar som Hinge, Bumble och EliteSingles och att hon dejtade flera olika m\u00e4n.<\/p>\n<p>Till slut tr\u00e4ffade hon en man \u2013 \u00f6ver 40 \u00e5r yngre \u00e4n henne sj\u00e4lv.<\/p>\n<p>\u201dR\u00f6rde mitt hj\u00e4rta\u201d<\/p>\n<p>Hon beskriver hur k\u00e4rleken v\u00e4xte fram och hur starkt hon k\u00e4nde f\u00f6r 23-\u00e5ringen i fr\u00e5ga.<\/p>\n<p>\u201dJag var verkligen k\u00e4r i honom. Han r\u00f6rde mitt hj\u00e4rta\u201d, skriver hon.<\/p>\n<p>Hon understryker ocks\u00e5 hur de b\u00e5da f\u00f6rstod att deras relation inte skulle kunna h\u00e5lla i l\u00e4ngden.<\/p>\n<p>Griffin valde att avsluta relationen n\u00e4r hon ins\u00e5g hur olika platser i livet de var p\u00e5.<\/p>\n<p>Kathy Griffins exmake Randy Bick var 18 \u00e5r yngre \u00e4n henne och uppbrottet med honom var k\u00e4mpigt att ta sig vidare fr\u00e5n, <a href=\"https:\/\/www.thecut.com\/article\/comedian-kathy-griffin-dating-after-60-love-sex-aging.html\" rel=\"nofollow noopener\" target=\"_blank\">beskriver<\/a> hon.<\/p>\n","protected":false},"excerpt":{"rendered":"Publicerad 11 jan 2026 kl 12.30 Den amerikanska komikern Kathy Griffin, 65, blev k\u00e4r i en \u00f6ver 40&hellip;\n","protected":false},"author":2,"featured_media":132574,"comment_status":"","ping_status":"","sticky":false,"template":"","format":"standard","meta":{"footnotes":""},"categories":[67],"tags":[104,45,34,31,33,32,30,3770,547,105],"class_list":{"0":"post-132573","1":"post","2":"type-post","3":"status-publish","4":"format-standard","5":"has-post-thumbnail","7":"category-underhallning","8":"tag-entertainment","9":"tag-location-usa","10":"tag-se","11":"tag-svenska","12":"tag-sverige","13":"tag-sweden","14":"tag-swedish","15":"tag-topic-aldrande","16":"tag-topic-karlek-relationer","17":"tag-underhallning"},"share_on_mastodon":{"url":"https:\/\/pubeurope.com\/@se\/115878050063692377","error":""},"_links":{"self":[{"href":"https:\/\/www.europesays.com\/se\/wp-json\/wp\/v2\/posts\/132573","targetHints":{"allow":["GET"]}}],"collection":[{"href":"https:\/\/www.europesays.com\/se\/wp-json\/wp\/v2\/posts"}],"about":[{"href":"https:\/\/www.europesays.com\/se\/wp-json\/wp\/v2\/types\/post"}],"author":[{"embeddable":true,"href":"https:\/\/www.europesays.com\/se\/wp-json\/wp\/v2\/users\/2"}],"replies":[{"embeddable":true,"href":"https:\/\/www.europesays.com\/se\/wp-json\/wp\/v2\/comments?post=132573"}],"version-history":[{"count":0,"href":"https:\/\/www.europesays.com\/se\/wp-json\/wp\/v2\/posts\/132573\/revisions"}],"wp:featuredmedia":[{"embeddable":true,"href":"https:\/\/www.europesays.com\/se\/wp-json\/wp\/v2\/media\/132574"}],"wp:attachment":[{"href":"https:\/\/www.europesays.com\/se\/wp-json\/wp\/v2\/media?parent=132573"}],"wp:term":[{"taxonomy":"category","embeddable":true,"href":"https:\/\/www.europesays.com\/se\/wp-json\/wp\/v2\/categories?post=132573"},{"taxonomy":"post_tag","embeddable":true,"href":"https:\/\/www.europesays.com\/se\/wp-json\/wp\/v2\/tags?post=132573"}],"curies":[{"name":"wp","href":"https:\/\/api.w.org\/{rel}","templated":true}]}}