{"id":132577,"date":"2026-01-11T19:15:11","date_gmt":"2026-01-11T19:15:11","guid":{"rendered":"https:\/\/www.europesays.com\/se\/132577\/"},"modified":"2026-01-11T19:15:11","modified_gmt":"2026-01-11T19:15:11","slug":"regimen-skakar-i-sina-grundvalar","status":"publish","type":"post","link":"https:\/\/www.europesays.com\/se\/132577\/","title":{"rendered":"Regimen skakar i sina grundvalar"},"content":{"rendered":"<p><strong>Demonstranterna beh\u00f6ver allt st\u00f6d de kan f\u00e5, men kanske inte amerikanska bomber.<\/strong><\/p>\n<p style=\"font-weight: 400;\">N\u00e4r den iranska regimen f\u00f6r tre dagar sedan st\u00e4ngde ned internet var det m\u00e5nga som varnade f\u00f6r vad som kunde v\u00e4nta.<\/p>\n<p style=\"font-weight: 400;\">Att st\u00e4nga ned m\u00e4nniskors m\u00f6jligheter att kommunicera, med varandra och med omv\u00e4rlden, har flera g\u00e5nger tidigare varit det f\u00f6rsta steget mot ett \u00e4nnu mera brutalt v\u00e5ldsanv\u00e4ndande mot demonstranterna.<\/p>\n<p style=\"font-weight: 400;\">S\u00e5 tycks det ocks\u00e5 ha blivit. Rapporterna om antalet d\u00f6da och skadade blir mer och mer fruktansv\u00e4rda.<\/p>\n<p style=\"font-weight: 400;\">Soldater skjuter rakt in i m\u00e4nniskomassorna. Enligt organisationen CHR, som brukar ha tillf\u00f6rlitliga k\u00e4llor och korrekt information, har \u00f6ver 500 personer d\u00f6dats. Andra uppgifter talar om flera tusen.<\/p>\n<p style=\"font-weight: 400;\">I g\u00e5r, s\u00f6ndag, l\u00e4ckte en video ut som visade liks\u00e4ckar som anl\u00e4nde till ett b\u00e5rhus. De var staplade p\u00e5 varandra i l\u00e5nga rader. S\u00e5 har det sett ut p\u00e5 m\u00e5nga platser i Iran sedan massakern inleddes.<\/p>\n<p style=\"font-weight: 400;\">\u2013 N\u00e4r b\u00e5rhuset blev fullt staplade de kroppar p\u00e5 varandra i b\u00f6nerummet, sade en k\u00e4lla till brittiska BBC.<\/p>\n<p style=\"font-weight: 400;\">Uppenbarligen har den iranska regimen inga som helst skrupler n\u00e4r det g\u00e4ller att beh\u00e5lla makten. Det visste vi sedan tidigare, varje protestr\u00f6relse sedan revolutionen f\u00f6r snart 50 \u00e5r sedan har m\u00f6tts med brutalt v\u00e5ld, och under de senaste dagarna har mullorna \u00e4n en g\u00e5ng visat vad de \u00e4r kapabla till.<\/p>\n<p style=\"font-weight: 400;\">Regimens talespersoner anklagar \u00e5 sin sida demonstranterna f\u00f6r att vara \u201dinhemska terrorister\u201d st\u00f6ttade av Israel och USA. De f\u00f6rs\u00f6ker till och med h\u00e4vda att protesterna inte hade \u00e4gt rum utan p\u00e5tryckningar utifr\u00e5n. Det \u00e4r f\u00f6rst\u00e5s nonsens. M\u00e4nniskor intar gatorna i Teheran, Shiraz, Karaj och de andra st\u00e4derna f\u00f6r att de avskyr det s\u00e4tt deras eget land styrs p\u00e5. De vill slippa moralpoliser och f\u00f6rbud mot vissa s\u00e4tt att kl\u00e4 sig. De vill ha yttrandefrihet och st\u00f6rre ekonomisk frihet.<\/p>\n<p style=\"font-weight: 400;\">Paradoxalt nog l\u00e5ter regimens tal om inhemsk terrorism n\u00e4rmast som ett eko av vad Donald Trump och Vita huset s\u00e4ger n\u00e4r de talar ett p\u00e5st\u00e5tt hot mot det egna samh\u00e4llet.<\/p>\n<p style=\"font-weight: 400;\">Samtidigt har Trump sagt att han \u00e4r redo att bomba m\u00e5l i Iran f\u00f6r att st\u00f6tta de som demonstrerar.<\/p>\n<p style=\"font-weight: 400;\">En s\u00e5dan insats vore troligen direkt kontraproduktiv. Tidigare har regimen kunnat anv\u00e4nda amerikanska hot och attacker f\u00f6r att trumma upp ett \u00f6kat st\u00f6d bland den egna befolkningen. Det \u00e4r sannolikt inte vad de civila som nu sl\u00e5ss p\u00e5 gatorna beh\u00f6ver.<\/p>\n<p style=\"font-weight: 400;\">Men den saken \u00e4r \u00e5 andra sidan inte upp till mig eller n\u00e5gon annan utanf\u00f6r Iran att bed\u00f6ma. Det \u00e4r de som protesterar som m\u00e5ste avg\u00f6ra vilket st\u00f6d de beh\u00f6ver fr\u00e5n omv\u00e4rlden.<\/p>\n<p style=\"font-weight: 400;\">Klart verkar i alla fall att regimen under de senaste tv\u00e5 veckorna m\u00f6tt sitt hittills h\u00e5rdaste motst\u00e5nd. Trots alla d\u00f6dsoffer upph\u00f6r inte demonstrationerna. Tv\u00e4rtom tycks de \u00f6ka i styrka. De har nu spridit sig till \u00f6ver 100 st\u00e4der och varje provins i Iran.<\/p>\n<p style=\"font-weight: 400;\">\u00c4r detta slutet f\u00f6r en av v\u00e4rldens h\u00e5rdaste diktaturer?<\/p>\n<p style=\"font-weight: 400;\">Det \u00e4r \u00e4n s\u00e5 l\u00e4nge om\u00f6jligt att s\u00e4ga.<\/p>\n<p style=\"font-weight: 400;\">Men till och med de mest systemtrogna i den iranska eliten m\u00e5ste \u00e4nd\u00e5 st\u00e4lla sig fr\u00e5gan.<\/p>\n<p><strong>Jesper Bengtsson<\/strong><\/p>\n","protected":false},"excerpt":{"rendered":"Demonstranterna beh\u00f6ver allt st\u00f6d de kan f\u00e5, men kanske inte amerikanska bomber. N\u00e4r den iranska regimen f\u00f6r tre&hellip;\n","protected":false},"author":2,"featured_media":132578,"comment_status":"","ping_status":"","sticky":false,"template":"","format":"standard","meta":{"footnotes":""},"categories":[5],"tags":[22,23,26,27,17,21,24,25,28,29,15,16,18,34,31,33,32,30,19,20],"class_list":{"0":"post-132577","1":"post","2":"type-post","3":"status-publish","4":"format-standard","5":"has-post-thumbnail","7":"category-rubriker","8":"tag-breaking-news","9":"tag-breakingnews","10":"tag-featured-news","11":"tag-featurednews","12":"tag-headlines","13":"tag-huvudnyheter","14":"tag-latest-news","15":"tag-latestnews","16":"tag-main-news","17":"tag-mainnews","18":"tag-news","19":"tag-nyheter","20":"tag-rubriker","21":"tag-se","22":"tag-svenska","23":"tag-sverige","24":"tag-sweden","25":"tag-swedish","26":"tag-top-stories","27":"tag-topstories"},"share_on_mastodon":{"url":"https:\/\/pubeurope.com\/@se\/115878069732463282","error":""},"_links":{"self":[{"href":"https:\/\/www.europesays.com\/se\/wp-json\/wp\/v2\/posts\/132577","targetHints":{"allow":["GET"]}}],"collection":[{"href":"https:\/\/www.europesays.com\/se\/wp-json\/wp\/v2\/posts"}],"about":[{"href":"https:\/\/www.europesays.com\/se\/wp-json\/wp\/v2\/types\/post"}],"author":[{"embeddable":true,"href":"https:\/\/www.europesays.com\/se\/wp-json\/wp\/v2\/users\/2"}],"replies":[{"embeddable":true,"href":"https:\/\/www.europesays.com\/se\/wp-json\/wp\/v2\/comments?post=132577"}],"version-history":[{"count":0,"href":"https:\/\/www.europesays.com\/se\/wp-json\/wp\/v2\/posts\/132577\/revisions"}],"wp:featuredmedia":[{"embeddable":true,"href":"https:\/\/www.europesays.com\/se\/wp-json\/wp\/v2\/media\/132578"}],"wp:attachment":[{"href":"https:\/\/www.europesays.com\/se\/wp-json\/wp\/v2\/media?parent=132577"}],"wp:term":[{"taxonomy":"category","embeddable":true,"href":"https:\/\/www.europesays.com\/se\/wp-json\/wp\/v2\/categories?post=132577"},{"taxonomy":"post_tag","embeddable":true,"href":"https:\/\/www.europesays.com\/se\/wp-json\/wp\/v2\/tags?post=132577"}],"curies":[{"name":"wp","href":"https:\/\/api.w.org\/{rel}","templated":true}]}}