{"id":132585,"date":"2026-01-11T19:22:48","date_gmt":"2026-01-11T19:22:48","guid":{"rendered":"https:\/\/www.europesays.com\/se\/132585\/"},"modified":"2026-01-11T19:22:48","modified_gmt":"2026-01-11T19:22:48","slug":"nytt-brak-om-lundsberg-javla-harry-potter-skola","status":"publish","type":"post","link":"https:\/\/www.europesays.com\/se\/132585\/","title":{"rendered":"Nytt br\u00e5k om Lundsberg: \u201dJ\u00e4vla Harry Potter-skola\u201d"},"content":{"rendered":"<p>Det har utbrutit ett krig mellan ledningen p\u00e5 Lundsberg och familjerna till de barn som \u00e4r inblandade i den senaste v\u00e5ldsskandalen p\u00e5 skolan, skriver DN. Tidningen har intervjuat f\u00f6r\u00e4ldrar till de misshandelsd\u00f6mda barnen, som \u00e4r kritiska mot r\u00e4ttsprocessen.<\/p>\n<p>\u2013 M\u00e5let \u00e4r att skjuta v\u00e5ra killar och offra dem f\u00f6r n\u00e5got som skett i \u00f6ver hundra \u00e5r p\u00e5 skolan, s\u00e4ger mamman till en av dem och till\u00e4gger att hon \u201dkommer bli h\u00e4ngd om jag ber\u00e4ttar det h\u00e4r\u201d.<\/p>\n<p>En annan f\u00f6r\u00e4lder menar att man aldrig borde kopplat in polisen, utan att saken hade kunnat l\u00f6sas internt. Men en annan grupp f\u00f6r\u00e4ldrar har v\u00e4nt sig mot skolan av det motsatta sk\u00e4let, vilket skapat tv\u00e5 l\u00e4ger av v\u00e5rdnadshavare.<\/p>\n<p>En pappa s\u00e4ger att han sk\u00e4ms f\u00f6r att han satte sina barn p\u00e5 Lundsberg, som han kallar f\u00f6r \u201den j\u00e4vla Harry Potter-skola\u201d med egna p\u00e5hittade regler som drabbar barnen.<\/p>\n<p>Omni \u00e4r politiskt obundna och oberoende. Vi str\u00e4var efter att ge fler perspektiv p\u00e5 nyheterna. Har du fr\u00e5gor eller synpunkter kring v\u00e5r rapportering? <a href=\"https:\/\/omni.se\/nytt-brak-om-lundsberg-javla-harry-potter-skola\/a\/mailto:redaktion@omni.se\" class=\"ArticleActions_contactLink__W2F1M\" rel=\"nofollow noopener\" target=\"_blank\">Kontakta redaktionen<\/a><\/p>\n","protected":false},"excerpt":{"rendered":"Det har utbrutit ett krig mellan ledningen p\u00e5 Lundsberg och familjerna till de barn som \u00e4r inblandade i&hellip;\n","protected":false},"author":2,"featured_media":132586,"comment_status":"","ping_status":"","sticky":false,"template":"","format":"standard","meta":{"footnotes":""},"categories":[12],"tags":[22,23,26,27,17,21,13510,24,25,11574,28,29,15,16,18,34,982,31,33,32,30,19,20,2480],"class_list":{"0":"post-132585","1":"post","2":"type-post","3":"status-publish","4":"format-standard","5":"has-post-thumbnail","7":"category-sverige","8":"tag-breaking-news","9":"tag-breakingnews","10":"tag-featured-news","11":"tag-featurednews","12":"tag-headlines","13":"tag-huvudnyheter","14":"tag-kristinehamn","15":"tag-latest-news","16":"tag-latestnews","17":"tag-lundsbergs-skola","18":"tag-main-news","19":"tag-mainnews","20":"tag-news","21":"tag-nyheter","22":"tag-rubriker","23":"tag-se","24":"tag-skola-utbildning","25":"tag-svenska","26":"tag-sverige","27":"tag-sweden","28":"tag-swedish","29":"tag-top-stories","30":"tag-topstories","31":"tag-varmlands-lan"},"share_on_mastodon":{"url":"https:\/\/pubeurope.com\/@se\/115878101175370636","error":""},"_links":{"self":[{"href":"https:\/\/www.europesays.com\/se\/wp-json\/wp\/v2\/posts\/132585","targetHints":{"allow":["GET"]}}],"collection":[{"href":"https:\/\/www.europesays.com\/se\/wp-json\/wp\/v2\/posts"}],"about":[{"href":"https:\/\/www.europesays.com\/se\/wp-json\/wp\/v2\/types\/post"}],"author":[{"embeddable":true,"href":"https:\/\/www.europesays.com\/se\/wp-json\/wp\/v2\/users\/2"}],"replies":[{"embeddable":true,"href":"https:\/\/www.europesays.com\/se\/wp-json\/wp\/v2\/comments?post=132585"}],"version-history":[{"count":0,"href":"https:\/\/www.europesays.com\/se\/wp-json\/wp\/v2\/posts\/132585\/revisions"}],"wp:featuredmedia":[{"embeddable":true,"href":"https:\/\/www.europesays.com\/se\/wp-json\/wp\/v2\/media\/132586"}],"wp:attachment":[{"href":"https:\/\/www.europesays.com\/se\/wp-json\/wp\/v2\/media?parent=132585"}],"wp:term":[{"taxonomy":"category","embeddable":true,"href":"https:\/\/www.europesays.com\/se\/wp-json\/wp\/v2\/categories?post=132585"},{"taxonomy":"post_tag","embeddable":true,"href":"https:\/\/www.europesays.com\/se\/wp-json\/wp\/v2\/tags?post=132585"}],"curies":[{"name":"wp","href":"https:\/\/api.w.org\/{rel}","templated":true}]}}