{"id":132587,"date":"2026-01-11T19:23:24","date_gmt":"2026-01-11T19:23:24","guid":{"rendered":"https:\/\/www.europesays.com\/se\/132587\/"},"modified":"2026-01-11T19:23:24","modified_gmt":"2026-01-11T19:23:24","slug":"smhi-varnar-for-superkyla-i-skidorterna-are-och-funasdalen","status":"publish","type":"post","link":"https:\/\/www.europesays.com\/se\/132587\/","title":{"rendered":"SMHI varnar f\u00f6r superkyla i skidorterna \u00c5re och Fun\u00e4sdalen"},"content":{"rendered":"<p>Publicerad 11 jan 2026 kl 13.38Uppdaterad kl 16.08<\/p>\n<p>Djup sn\u00f6, pulka\u00e5kning och ilska mot d\u00e5lig plogning \u2013 vintern har tagit ett ordentligt grepp om hela landet \u2013 men kommer det h\u00e5lla i sig?<\/p>\n<p>SMHI varnar nu f\u00f6r stark kyleffekt i fj\u00e4llen \u2013 med risk f\u00f6r f\u00f6rfrysning.\u00a0<\/p>\n<p>Men i syd hotar regnet det ljusa sn\u00f6landskapet.\u00a0<\/p>\n<p>\u00a0\u2013 Sn\u00f6n regnar nog bort d\u00e4r, s\u00e4ger meteorolog Hilda Westberg p\u00e5 SMHI.<\/p>\n<p>Senaste nyhetsklippen fr\u00e5n Expressen.<img   alt=\"\"\/><\/p>\n<p>SMHI varnar i ett stort omr\u00e5de, bland annat Fun\u00e4sdalen.<\/p>\n<p>Foto: ANDERS WIKLUND \/ TT \/ TT NYHETSBYR\u00c5N<\/p>\n<p>\u00d6ppna bild i helsk\u00e4rm<img loading=\"lazy\"   alt=\"\"\/><\/p>\n<p>\u00c4ven om temperaturen inte sjunker s\u00e5 l\u00e5gt s\u00e5 g\u00f6r vinden sitt.<\/p>\n<p>Foto: Jeppe Gustafsson\/Shutterstock \/ TT NYHETSBYR\u00c5N<\/p>\n<p>\u00d6ppna bild i helsk\u00e4rmArtikeln i korthet<\/p>\n<p> Det kan bli mot minus 20 grader i nordv\u00e4stra G\u00f6taland under s\u00f6ndagskv\u00e4llen.\u00a0<\/p>\n<p> En gul varning f\u00f6r kyla \u00e4r utf\u00e4rdad f\u00f6r Norrlandsfj\u00e4llen och g\u00e4ller under hela m\u00e5ndagen. SMHI varnar f\u00f6r f\u00f6rfrysning och nedkylning.\u00a0<\/p>\n<p> Mot mitten av veckan v\u00e4ntas mildare v\u00e4der och regn i st\u00e4llet f\u00f6r sn\u00f6 i s\u00f6dra Sverige.<\/p>\n<p>Visa mer<\/p>\n<p>Det v\u00e4ntas mildare v\u00e4der \u2013 men s\u00f6ndagen avslutas med ordentlig kyla. \u00a0<\/p>\n<p>\u2013 F\u00f6rst blir det fortsatt kallt, s\u00e4rskilt i nordv\u00e4stra G\u00f6taland d\u00e4r temperaturen kan sjunka ner mot minus 20 grader i kv\u00e4ll, s\u00e4ger Hilda, meteorolog p\u00e5 <a href=\"https:\/\/www.expressen.se\/tagg\/organization\/smhi\/\" class=\"\" rel=\"nofollow noopener\" target=\"_blank\">SMHI<\/a>.<\/p>\n<p>Lokalt kan det bli \u00e4nnu kallare, s\u00e4rskilt i Dalsland och G\u00f6teborgstrakten, d\u00e4r svaga vindar g\u00f6r att kylan biter sig fast.<\/p>\n<p><img loading=\"lazy\"   alt=\"\"\/><\/p>\n<p>Gul varning f\u00f6r kyla p\u00e5 flera skidorter, bland annat \u00c5re.<\/p>\n<p>Foto: Skistar \u00c5re \/ Pressbild<\/p>\n<p>\u00d6ppna bild i helsk\u00e4rmGul varning f\u00f6r kyla i skidorter<\/p>\n<p>I Norrlandsfj\u00e4llen blir det riktigt kallt och bl\u00e5sigt p\u00e5 kalfj\u00e4llet p\u00e5 m\u00e5ndagen, d\u00e4r har SMHI utf\u00e4rdat en gul varning f\u00f6r stark kyleffekt med risk f\u00f6r f\u00f6rfrysning och nedkylning. Det g\u00e4ller ett omr\u00e5de d\u00e4r skidorter som Fun\u00e4sdalen och \u00c5re ligger.\u00a0<\/p>\n<p>\u201dTa skydd fr\u00e5n vinden och var uppm\u00e4rksam p\u00e5 kroppens varningssignaler.\u201d skriver SMHI i varningen.\u00a0<\/p>\n<p>I \u00c5re ligger temperaturen under m\u00e5ndagen runt elva minusgrader, men i och med den kalla vinden k\u00e4nns det som -20.\u00a0<\/p>\n<p>Varningen g\u00e4ller fr\u00e5n midnatt natten till m\u00e5ndagen och till och med klockan 23 p\u00e5 m\u00e5ndagskv\u00e4llen.\u00a0<\/p>\n<p>En gul varning f\u00f6r sn\u00f6fall ligger \u00f6ver Gotland under s\u00f6ndagen. D\u00e4r v\u00e4ntas vinden avta under natten, men sn\u00f6fallet forts\u00e4tter att vara kraftigt p\u00e5 \u00f6n \u00e4ven under m\u00e5ndagen.<\/p>\n<p><img loading=\"lazy\"   alt=\"\"\/><\/p>\n<p>I s\u00f6dra Sverige riskerar sn\u00f6n d\u00e4remot att regna bort.<\/p>\n<p>Foto: JOHAN NILSSON\/TT \/ TT NYHETSBYR\u00c5N<\/p>\n<p>\u00d6ppna bild i helsk\u00e4rmOmslag v\u00e4ntar \u2013 mildare luft p\u00e5 v\u00e4g<\/p>\n<p>Men under veckan sker ett v\u00e4deromslag n\u00e4r mildare luft drar in s\u00f6derifr\u00e5n. Redan under m\u00e5ndagsdygnet v\u00e4ntas temperaturerna stiga i s\u00f6dra Sverige.\u00a0<\/p>\n<p>Sen \u00e4r nederb\u00f6rd p\u00e5 ing\u00e5ng.\u00a0<\/p>\n<p>\u2013 Sn\u00f6fall drar in mot tisdagen och \u00f6verg\u00e5r i regn, framf\u00f6r allt i Sk\u00e5ne n\u00e4r temperaturen n\u00e5r plusgrader, s\u00e4ger Hilda.<\/p>\n<p>Mot onsdag och torsdag \u00e4r det fortfarande os\u00e4kert var gr\u00e4nsen mellan regn och sn\u00f6 kommer att g\u00e5 i landet.\u00a0<\/p>\n<p>\u2013 St\u00f6rre delen av G\u00f6taland och m\u00f6jligen \u00f6stra Svealand kan f\u00e5 regn i st\u00e4llet f\u00f6r sn\u00f6 d\u00e5, s\u00e4ger Hilda Westberg.<\/p>\n<p>I s\u00f6dra G\u00f6taland v\u00e4ntas sn\u00f6n regna bort \u2013 vilket kr\u00e4ver en varning:\u00a0<\/p>\n<p>\u2013 Och med risk f\u00f6r regn kommer troligen risk f\u00f6r halka, varnar Hilda Westberg.\u00a0<\/p>\n<p>\u00c4ven allra l\u00e4ngst i norr v\u00e4ntas den str\u00e4ngaste kylan d\u00e4mpas n\u00e5got under veckan.<\/p>\n<p><img alt=\"\"\/>Ljudklippet gick inte att spela upp<\/p>\n<p>F\u00f6rs\u00f6k igen senare<\/p>\n","protected":false},"excerpt":{"rendered":"Publicerad 11 jan 2026 kl 13.38Uppdaterad kl 16.08 Djup sn\u00f6, pulka\u00e5kning och ilska mot d\u00e5lig plogning \u2013 vintern&hellip;\n","protected":false},"author":2,"featured_media":132588,"comment_status":"","ping_status":"","sticky":false,"template":"","format":"standard","meta":{"footnotes":""},"categories":[5],"tags":[22,23,26,27,17,21,24,25,11425,28,29,15,16,288,18,34,281,31,33,32,30,19,290,20],"class_list":{"0":"post-132587","1":"post","2":"type-post","3":"status-publish","4":"format-standard","5":"has-post-thumbnail","7":"category-rubriker","8":"tag-breaking-news","9":"tag-breakingnews","10":"tag-featured-news","11":"tag-featurednews","12":"tag-headlines","13":"tag-huvudnyheter","14":"tag-latest-news","15":"tag-latestnews","16":"tag-location-are","17":"tag-main-news","18":"tag-mainnews","19":"tag-news","20":"tag-nyheter","21":"tag-organization-smhi","22":"tag-rubriker","23":"tag-se","24":"tag-sections-vader","25":"tag-svenska","26":"tag-sverige","27":"tag-sweden","28":"tag-swedish","29":"tag-top-stories","30":"tag-topic-vaderprognos","31":"tag-topstories"},"share_on_mastodon":{"url":"https:\/\/pubeurope.com\/@se\/115878101284572793","error":""},"_links":{"self":[{"href":"https:\/\/www.europesays.com\/se\/wp-json\/wp\/v2\/posts\/132587","targetHints":{"allow":["GET"]}}],"collection":[{"href":"https:\/\/www.europesays.com\/se\/wp-json\/wp\/v2\/posts"}],"about":[{"href":"https:\/\/www.europesays.com\/se\/wp-json\/wp\/v2\/types\/post"}],"author":[{"embeddable":true,"href":"https:\/\/www.europesays.com\/se\/wp-json\/wp\/v2\/users\/2"}],"replies":[{"embeddable":true,"href":"https:\/\/www.europesays.com\/se\/wp-json\/wp\/v2\/comments?post=132587"}],"version-history":[{"count":0,"href":"https:\/\/www.europesays.com\/se\/wp-json\/wp\/v2\/posts\/132587\/revisions"}],"wp:featuredmedia":[{"embeddable":true,"href":"https:\/\/www.europesays.com\/se\/wp-json\/wp\/v2\/media\/132588"}],"wp:attachment":[{"href":"https:\/\/www.europesays.com\/se\/wp-json\/wp\/v2\/media?parent=132587"}],"wp:term":[{"taxonomy":"category","embeddable":true,"href":"https:\/\/www.europesays.com\/se\/wp-json\/wp\/v2\/categories?post=132587"},{"taxonomy":"post_tag","embeddable":true,"href":"https:\/\/www.europesays.com\/se\/wp-json\/wp\/v2\/tags?post=132587"}],"curies":[{"name":"wp","href":"https:\/\/api.w.org\/{rel}","templated":true}]}}