{"id":132593,"date":"2026-01-11T19:30:09","date_gmt":"2026-01-11T19:30:09","guid":{"rendered":"https:\/\/www.europesays.com\/se\/132593\/"},"modified":"2026-01-11T19:30:09","modified_gmt":"2026-01-11T19:30:09","slug":"myndighet-byter-namn-for-10-miljoner-kronor","status":"publish","type":"post","link":"https:\/\/www.europesays.com\/se\/132593\/","title":{"rendered":"Myndighet byter namn f\u00f6r 10 miljoner kronor"},"content":{"rendered":"<p>Enligt SVT handlar kostnaderna om \u201dallt fr\u00e5n att m\u00e4rka om fordon, materiel och profilkl\u00e4der \u2013 till att skapa nytt internt och externt informationsmaterial\u201d.<\/p>\n<p><strong>Regeringens ansvariga minister<\/strong> Carl-Oskar Bohlin skriver i ett mejl till SVT att han \u201dutg\u00e5r fr\u00e5n att myndigheten g\u00f6r detta p\u00e5 ett s\u00e5 kostnadseffektivt s\u00e4tt som m\u00f6jligt\u201d.<\/p>\n<p>Namnbytet till Myndigheten f\u00f6r civilt f\u00f6rsvar \u00e4gde rum den 1 januari i \u00e5r. I slutet av fjol\u00e5ret sa generaldirekt\u00f6r Mikael Frisell till TT att uppgifterna f\u00f6r myndigheterna blir samma som tidigare, men tydligare.<\/p>\n<p>\u201dUppgiften som blir tyngre f\u00f6r oss \u00e4r att vi \u00e4r den ledande, inriktande och samordnade myndigheten i hela det civila f\u00f6rsvaret\u201d, sa han.<\/p>\n<p><img loading=\"lazy\" decoding=\"async\" class=\"image__el\" src=\"https:\/\/www.europesays.com\/se\/wp-content\/uploads\/2026\/01\/9d7519eb-b422-4212-b554-71f1a91bd8ae.jpeg\"   height=\"1080\" width=\"1920\" alt=\"Myndighetens nya logotyp.\" onerror=\"this.style.visibility='hidden'; this.classList.add('load-error')\"\/>Myndighetens nya logotyp.Foto: MCF \/ Thomas Henrikson<\/p>\n","protected":false},"excerpt":{"rendered":"Enligt SVT handlar kostnaderna om \u201dallt fr\u00e5n att m\u00e4rka om fordon, materiel och profilkl\u00e4der \u2013 till att skapa&hellip;\n","protected":false},"author":2,"featured_media":132594,"comment_status":"","ping_status":"","sticky":false,"template":"","format":"standard","meta":{"footnotes":""},"categories":[14],"tags":[22,23,26,27,17,21,24,25,28,29,15,16,18,34,31,33,32,30,19,20,51,52,53,54],"class_list":{"0":"post-132593","1":"post","2":"type-post","3":"status-publish","4":"format-standard","5":"has-post-thumbnail","7":"category-varlden","8":"tag-breaking-news","9":"tag-breakingnews","10":"tag-featured-news","11":"tag-featurednews","12":"tag-headlines","13":"tag-huvudnyheter","14":"tag-latest-news","15":"tag-latestnews","16":"tag-main-news","17":"tag-mainnews","18":"tag-news","19":"tag-nyheter","20":"tag-rubriker","21":"tag-se","22":"tag-svenska","23":"tag-sverige","24":"tag-sweden","25":"tag-swedish","26":"tag-top-stories","27":"tag-topstories","28":"tag-varlden","29":"tag-world","30":"tag-world-news","31":"tag-worldnews"},"share_on_mastodon":{"url":"https:\/\/pubeurope.com\/@se\/115878128694632200","error":""},"_links":{"self":[{"href":"https:\/\/www.europesays.com\/se\/wp-json\/wp\/v2\/posts\/132593","targetHints":{"allow":["GET"]}}],"collection":[{"href":"https:\/\/www.europesays.com\/se\/wp-json\/wp\/v2\/posts"}],"about":[{"href":"https:\/\/www.europesays.com\/se\/wp-json\/wp\/v2\/types\/post"}],"author":[{"embeddable":true,"href":"https:\/\/www.europesays.com\/se\/wp-json\/wp\/v2\/users\/2"}],"replies":[{"embeddable":true,"href":"https:\/\/www.europesays.com\/se\/wp-json\/wp\/v2\/comments?post=132593"}],"version-history":[{"count":0,"href":"https:\/\/www.europesays.com\/se\/wp-json\/wp\/v2\/posts\/132593\/revisions"}],"wp:featuredmedia":[{"embeddable":true,"href":"https:\/\/www.europesays.com\/se\/wp-json\/wp\/v2\/media\/132594"}],"wp:attachment":[{"href":"https:\/\/www.europesays.com\/se\/wp-json\/wp\/v2\/media?parent=132593"}],"wp:term":[{"taxonomy":"category","embeddable":true,"href":"https:\/\/www.europesays.com\/se\/wp-json\/wp\/v2\/categories?post=132593"},{"taxonomy":"post_tag","embeddable":true,"href":"https:\/\/www.europesays.com\/se\/wp-json\/wp\/v2\/tags?post=132593"}],"curies":[{"name":"wp","href":"https:\/\/api.w.org\/{rel}","templated":true}]}}