{"id":132595,"date":"2026-01-11T19:33:04","date_gmt":"2026-01-11T19:33:04","guid":{"rendered":"https:\/\/www.europesays.com\/se\/132595\/"},"modified":"2026-01-11T19:33:04","modified_gmt":"2026-01-11T19:33:04","slug":"fabian-driver-sveriges-sydligaste-skidbacke-gynnsamt","status":"publish","type":"post","link":"https:\/\/www.europesays.com\/se\/132595\/","title":{"rendered":"Fabian driver Sveriges sydligaste skidbacke: \u201dGynnsamt\u201d"},"content":{"rendered":"<p>Fabian Rimfors driver i Br\u00f6sarp p\u00e5 \u00d6sterlen Sveriges sydligaste skidbacke. P\u00e5 trettondagen \u00f6ppnade skidklubben f\u00f6r f\u00f6rsta g\u00e5ngen p\u00e5 tv\u00e5 \u00e5r den 150 meter l\u00e5nga skidbacken som f\u00f6rlitar sig helt p\u00e5 natursn\u00f6. <\/p>\n<p>\u2013 Nu h\u00e5ller vi det \u00f6ppet veckan ut, men det ser ju gynnsamt ut \u00e4ven kommande helger, s\u00e4ger han till DI. <\/p>\n<p>Liftkortspriset ligger p\u00e5 100 kronor och ska f\u00f6rhoppningsvis r\u00e4cka f\u00f6r att forts\u00e4tta driva verksamheten, uppger han. <\/p>\n<p>Omni \u00e4r politiskt obundna och oberoende. Vi str\u00e4var efter att ge fler perspektiv p\u00e5 nyheterna. Har du fr\u00e5gor eller synpunkter kring v\u00e5r rapportering? <a href=\"https:\/\/omni.se\/fabian-driver-sveriges-sydligaste-skidbacke-gynnsamt\/a\/mailto:redaktion@omni.se\" class=\"ArticleActions_contactLink__W2F1M\" rel=\"nofollow noopener\" target=\"_blank\">Kontakta redaktionen<\/a><\/p>\n","protected":false},"excerpt":{"rendered":"Fabian Rimfors driver i Br\u00f6sarp p\u00e5 \u00d6sterlen Sveriges sydligaste skidbacke. P\u00e5 trettondagen \u00f6ppnade skidklubben f\u00f6r f\u00f6rsta g\u00e5ngen p\u00e5&hellip;\n","protected":false},"author":2,"featured_media":132596,"comment_status":"","ping_status":"","sticky":false,"template":"","format":"standard","meta":{"footnotes":""},"categories":[12],"tags":[22,23,26,27,17,21,3226,24,25,28,29,15,16,13512,18,34,3135,13511,31,33,32,30,19,20],"class_list":{"0":"post-132595","1":"post","2":"type-post","3":"status-publish","4":"format-standard","5":"has-post-thumbnail","7":"category-sverige","8":"tag-breaking-news","9":"tag-breakingnews","10":"tag-featured-news","11":"tag-featurednews","12":"tag-headlines","13":"tag-huvudnyheter","14":"tag-idrott","15":"tag-latest-news","16":"tag-latestnews","17":"tag-main-news","18":"tag-mainnews","19":"tag-news","20":"tag-nyheter","21":"tag-osterlen","22":"tag-rubriker","23":"tag-se","24":"tag-skane","25":"tag-skidakning","26":"tag-svenska","27":"tag-sverige","28":"tag-sweden","29":"tag-swedish","30":"tag-top-stories","31":"tag-topstories"},"share_on_mastodon":{"url":"https:\/\/pubeurope.com\/@se\/115878140548980747","error":""},"_links":{"self":[{"href":"https:\/\/www.europesays.com\/se\/wp-json\/wp\/v2\/posts\/132595","targetHints":{"allow":["GET"]}}],"collection":[{"href":"https:\/\/www.europesays.com\/se\/wp-json\/wp\/v2\/posts"}],"about":[{"href":"https:\/\/www.europesays.com\/se\/wp-json\/wp\/v2\/types\/post"}],"author":[{"embeddable":true,"href":"https:\/\/www.europesays.com\/se\/wp-json\/wp\/v2\/users\/2"}],"replies":[{"embeddable":true,"href":"https:\/\/www.europesays.com\/se\/wp-json\/wp\/v2\/comments?post=132595"}],"version-history":[{"count":0,"href":"https:\/\/www.europesays.com\/se\/wp-json\/wp\/v2\/posts\/132595\/revisions"}],"wp:featuredmedia":[{"embeddable":true,"href":"https:\/\/www.europesays.com\/se\/wp-json\/wp\/v2\/media\/132596"}],"wp:attachment":[{"href":"https:\/\/www.europesays.com\/se\/wp-json\/wp\/v2\/media?parent=132595"}],"wp:term":[{"taxonomy":"category","embeddable":true,"href":"https:\/\/www.europesays.com\/se\/wp-json\/wp\/v2\/categories?post=132595"},{"taxonomy":"post_tag","embeddable":true,"href":"https:\/\/www.europesays.com\/se\/wp-json\/wp\/v2\/tags?post=132595"}],"curies":[{"name":"wp","href":"https:\/\/api.w.org\/{rel}","templated":true}]}}