{"id":132601,"date":"2026-01-11T19:42:18","date_gmt":"2026-01-11T19:42:18","guid":{"rendered":"https:\/\/www.europesays.com\/se\/132601\/"},"modified":"2026-01-11T19:42:18","modified_gmt":"2026-01-11T19:42:18","slug":"staten-bor-bli-delagare-i-saab","status":"publish","type":"post","link":"https:\/\/www.europesays.com\/se\/132601\/","title":{"rendered":"Staten b\u00f6r bli del\u00e4gare i Saab"},"content":{"rendered":"<p>S\u00c4LEN. Socialdemokraternas f\u00f6rsvarspolitiska talesperson Peter Hultqvist v\u00e4cker \u00e5nyo kravet p\u00e5 att staten ska bli del\u00e4gare i Saab. Men hur det ska ske eller om han haft kontakt med familjen Wallenberg vill han inte kommentera.<\/p>\n<p>\u201dDet t\u00e4nker jag inte svara p\u00e5\u201d, s\u00e4ger Peter Hultqvist i en intervju med Di.<\/p>\n<p><strong class=\"global-xxs-bold\">Uppdaterad:<\/strong> 11 januari 2026, 20:22<strong class=\"global-xxs-bold\">Publicerad:<\/strong> 11 januari 2026, 20:20<\/p>\n<p>Spara<\/p>\n","protected":false},"excerpt":{"rendered":"S\u00c4LEN. Socialdemokraternas f\u00f6rsvarspolitiska talesperson Peter Hultqvist v\u00e4cker \u00e5nyo kravet p\u00e5 att staten ska bli del\u00e4gare i Saab. Men&hellip;\n","protected":false},"author":2,"featured_media":132602,"comment_status":"","ping_status":"","sticky":false,"template":"","format":"standard","meta":{"footnotes":""},"categories":[12],"tags":[22,23,26,27,17,21,24,25,28,29,15,16,18,34,31,33,32,30,19,20],"class_list":{"0":"post-132601","1":"post","2":"type-post","3":"status-publish","4":"format-standard","5":"has-post-thumbnail","7":"category-sverige","8":"tag-breaking-news","9":"tag-breakingnews","10":"tag-featured-news","11":"tag-featurednews","12":"tag-headlines","13":"tag-huvudnyheter","14":"tag-latest-news","15":"tag-latestnews","16":"tag-main-news","17":"tag-mainnews","18":"tag-news","19":"tag-nyheter","20":"tag-rubriker","21":"tag-se","22":"tag-svenska","23":"tag-sverige","24":"tag-sweden","25":"tag-swedish","26":"tag-top-stories","27":"tag-topstories"},"share_on_mastodon":{"url":"https:\/\/pubeurope.com\/@se\/115878175962366279","error":""},"_links":{"self":[{"href":"https:\/\/www.europesays.com\/se\/wp-json\/wp\/v2\/posts\/132601","targetHints":{"allow":["GET"]}}],"collection":[{"href":"https:\/\/www.europesays.com\/se\/wp-json\/wp\/v2\/posts"}],"about":[{"href":"https:\/\/www.europesays.com\/se\/wp-json\/wp\/v2\/types\/post"}],"author":[{"embeddable":true,"href":"https:\/\/www.europesays.com\/se\/wp-json\/wp\/v2\/users\/2"}],"replies":[{"embeddable":true,"href":"https:\/\/www.europesays.com\/se\/wp-json\/wp\/v2\/comments?post=132601"}],"version-history":[{"count":0,"href":"https:\/\/www.europesays.com\/se\/wp-json\/wp\/v2\/posts\/132601\/revisions"}],"wp:featuredmedia":[{"embeddable":true,"href":"https:\/\/www.europesays.com\/se\/wp-json\/wp\/v2\/media\/132602"}],"wp:attachment":[{"href":"https:\/\/www.europesays.com\/se\/wp-json\/wp\/v2\/media?parent=132601"}],"wp:term":[{"taxonomy":"category","embeddable":true,"href":"https:\/\/www.europesays.com\/se\/wp-json\/wp\/v2\/categories?post=132601"},{"taxonomy":"post_tag","embeddable":true,"href":"https:\/\/www.europesays.com\/se\/wp-json\/wp\/v2\/tags?post=132601"}],"curies":[{"name":"wp","href":"https:\/\/api.w.org\/{rel}","templated":true}]}}