{"id":132603,"date":"2026-01-11T19:43:29","date_gmt":"2026-01-11T19:43:29","guid":{"rendered":"https:\/\/www.europesays.com\/se\/132603\/"},"modified":"2026-01-11T19:43:29","modified_gmt":"2026-01-11T19:43:29","slug":"tv-sundlings-hyllning-efter-krossen-alltid-gillat-ostersunds-posten","status":"publish","type":"post","link":"https:\/\/www.europesays.com\/se\/132603\/","title":{"rendered":"TV: Sundlings hyllning efter krossen: \u201dAlltid gillat\u201d &#8211; \u00d6stersunds-Posten"},"content":{"rendered":"<ol>\n<li><a href=\"https:\/\/news.google.com\/rss\/articles\/CBMifkFVX3lxTE1GVG5GMlptMlk3MmctU3kzQTZBM0JLX1kxUHNwLUl6dVBtTlB2OGhncTVURUM1dFlKNjBTeE1QLXk0WXU0amVCVEhfd3ljR25iUkl5NTZxb1RfZWVUSVdKT0JSbGRudEhmaGFDSjl5LTREdHVLVHZGYWZnOTdCdw?oc=5\" target=\"_blank\" rel=\"nofollow noopener\">TV: Sundlings hyllning efter krossen: \u201dAlltid gillat\u201d<\/a>&nbsp;&nbsp;\u00d6stersunds-Posten<\/li>\n<li><a href=\"https:\/\/news.google.com\/rss\/articles\/CBMikAFBVV95cUxQVjlsaHp5a3lrV0hRZy02bmp5WUg0ZDg4X0ZMZXh5a1k1cTlNbklwY0w4RUdFVDdYTnhPSjdwQkllX1pOYWtiX0R4ODNJc0tJZVhkUEpmVEdPZVRxSGg3WWZUbERsUjNXbTk1RGZ2UXlWcFdXSlB1TFJ2N0JaWlpGMTdfa0JMaXJGYnpzNFluTEo?oc=5\" target=\"_blank\" rel=\"nofollow noopener\">L\u00e4ngdskidor: Jonna Sundling \u00f6verl\u00e4gsen i Falun \u2013 vann med \u00f6ver en minut<\/a>&nbsp;&nbsp;SVT Nyheter<\/li>\n<li><a href=\"https:\/\/news.google.com\/rss\/articles\/CBMipgFBVV95cUxQUTJITHNYaDJZcFdGcjBDLWZXTUVuam1KTHUwWlR5b2kwcE54dkE5UmRadkFBTzhPM0FpVUNDNDBnekRTSDBuNVYzR1VycDZ2QWpXazdPSzZaekZPMEJoSnR3aE9aZkswdUYyaVc5LU9UR3RURThKUmNvaGtmZ3pVNXNNaDRDX2pVeFQ3TzNJSkV1ZUVlRXBJZTlqeUpXaFNtUVI5UWhR?oc=5\" target=\"_blank\" rel=\"nofollow noopener\">Succ\u00e9n forts\u00e4tter f\u00f6r Evelina Cr\u00fcsell \u2013 imponerade i sprinten<\/a>&nbsp;&nbsp;Norran<\/li>\n<li><a href=\"https:\/\/news.google.com\/rss\/articles\/CBMinwFBVV95cUxNX256UnBrcWJrVW5OVDU2dmo0akkxNWIxOVJhejA1bUdmYUJjVXJVNDhqLVVQQ2Iyd25BNTNLUzd5dmRGOGxOSWhyckI4TDd1VUxNblZzZGhzU2NLb0didWsxOWZtUjc3S3pvVGdMRmQxQnc5SUpra3VEeUZCN0lBM29xTjRzdlpFeTRUVEg5TUhhWTdrLVdRVzdBOWswTlU?oc=5\" target=\"_blank\" rel=\"nofollow noopener\">Planen f\u00f6r OS efter Sundlings nya kross<\/a>&nbsp;&nbsp;Expressen<\/li>\n<li><a href=\"https:\/\/news.google.com\/rss\/articles\/CBMiswFBVV95cUxOd1hZNmF0UTZBdDF5c3VUZWhtM0p0WUF1X0Ztdm0yQnN1M0pvQ0FZcDFja0ppT2tfdXVDam1RQ3JaSUtveXBUcV8tWENqY0NrSS1BVEhYcFktb1k3ZTF1YTRMM090a0V1c1Q5aVlla3pBaTh0VFJRVlVWNEF6N2N2MHRMZFJCcXZydGRCT3ZuNHJuUEdVM1FzbnNvZWZQZDh1dmxFLTRoVWpmVHlYOW00U3BpMA?oc=5\" target=\"_blank\" rel=\"nofollow noopener\">Sundling v\u00e4ssade OS-formen i Falun: &#8221;Bra vi kan pusha varandra&#8221;<\/a>&nbsp;&nbsp;Pite\u00e5-tidningen<\/li>\n<\/ol>\n","protected":false},"excerpt":{"rendered":"TV: Sundlings hyllning efter krossen: \u201dAlltid gillat\u201d&nbsp;&nbsp;\u00d6stersunds-Posten L\u00e4ngdskidor: Jonna Sundling \u00f6verl\u00e4gsen i Falun \u2013 vann med \u00f6ver en&hellip;\n","protected":false},"author":2,"featured_media":132604,"comment_status":"","ping_status":"","sticky":false,"template":"","format":"standard","meta":{"footnotes":""},"categories":[5],"tags":[22,23,26,27,17,21,24,25,28,29,15,16,18,34,31,33,32,30,19,20],"class_list":{"0":"post-132603","1":"post","2":"type-post","3":"status-publish","4":"format-standard","5":"has-post-thumbnail","7":"category-rubriker","8":"tag-breaking-news","9":"tag-breakingnews","10":"tag-featured-news","11":"tag-featurednews","12":"tag-headlines","13":"tag-huvudnyheter","14":"tag-latest-news","15":"tag-latestnews","16":"tag-main-news","17":"tag-mainnews","18":"tag-news","19":"tag-nyheter","20":"tag-rubriker","21":"tag-se","22":"tag-svenska","23":"tag-sverige","24":"tag-sweden","25":"tag-swedish","26":"tag-top-stories","27":"tag-topstories"},"share_on_mastodon":{"url":"https:\/\/pubeurope.com\/@se\/115878179800613641","error":""},"_links":{"self":[{"href":"https:\/\/www.europesays.com\/se\/wp-json\/wp\/v2\/posts\/132603","targetHints":{"allow":["GET"]}}],"collection":[{"href":"https:\/\/www.europesays.com\/se\/wp-json\/wp\/v2\/posts"}],"about":[{"href":"https:\/\/www.europesays.com\/se\/wp-json\/wp\/v2\/types\/post"}],"author":[{"embeddable":true,"href":"https:\/\/www.europesays.com\/se\/wp-json\/wp\/v2\/users\/2"}],"replies":[{"embeddable":true,"href":"https:\/\/www.europesays.com\/se\/wp-json\/wp\/v2\/comments?post=132603"}],"version-history":[{"count":0,"href":"https:\/\/www.europesays.com\/se\/wp-json\/wp\/v2\/posts\/132603\/revisions"}],"wp:featuredmedia":[{"embeddable":true,"href":"https:\/\/www.europesays.com\/se\/wp-json\/wp\/v2\/media\/132604"}],"wp:attachment":[{"href":"https:\/\/www.europesays.com\/se\/wp-json\/wp\/v2\/media?parent=132603"}],"wp:term":[{"taxonomy":"category","embeddable":true,"href":"https:\/\/www.europesays.com\/se\/wp-json\/wp\/v2\/categories?post=132603"},{"taxonomy":"post_tag","embeddable":true,"href":"https:\/\/www.europesays.com\/se\/wp-json\/wp\/v2\/tags?post=132603"}],"curies":[{"name":"wp","href":"https:\/\/api.w.org\/{rel}","templated":true}]}}