{"id":132607,"date":"2026-01-11T19:53:32","date_gmt":"2026-01-11T19:53:32","guid":{"rendered":"https:\/\/www.europesays.com\/se\/132607\/"},"modified":"2026-01-11T19:53:32","modified_gmt":"2026-01-11T19:53:32","slug":"anmald-efter-tacklingen-de-missar-nasta-match","status":"publish","type":"post","link":"https:\/\/www.europesays.com\/se\/132607\/","title":{"rendered":"Anm\u00e4ld efter tacklingen \u2013 de missar n\u00e4sta match"},"content":{"rendered":"<p>ANNONS<\/p>\n<p class=\"text-white text-sm mb-2\">Presenteras av<\/p>\n<p><img alt=\"SvS - Top Balk\" loading=\"lazy\" width=\"130\" height=\"20\" decoding=\"async\" data-nimg=\"1\" class=\"mx-auto md:mx-0\" style=\"color:transparent\" src=\"https:\/\/delivery2.objectic.io\/7QMcOQTPxZudozTrjFxeQs\/HNbtnbmfMkQx\/hEKffTfbqLn6XJtQhVoaH96IZ43yRyxSoq3OYULP.svg\"\/><\/p>\n<p>Svenska Spel Sport &amp; Casino AB. \u00c5ldersgr\u00e4ns 18 \u00e5r. St\u00f6dlinjen.se<\/p>\n<p><img loading=\"lazy\" decoding=\"async\" src=\"https:\/\/www.europesays.com\/se\/wp-content\/uploads\/2026\/01\/1767387571_73_.gif\" width=\"0\" height=\"0\" style=\"margin: 0\"\/><\/p>\n<p>BIK Karlskoga kunde presentera tv\u00e5 viktiga nyheter \u2013 men fick ocks\u00e5 tv\u00e5 spelare skadade. <\/p>\n<p>\u2013 N\u00e5gon match p\u00e5 onsdag kommer det inte bli f\u00f6r dem, s\u00e4ger Edwin Lindstr\u00f6m, fys- och rehabansvarig i BIK Karlskoga, till <a href=\"https:\/\/www.kt-kuriren.se\/story\/bik-karlskoga-2025-2026-5f705\/\" rel=\"nofollow noopener\" target=\"_blank\">KT-Kuriren<\/a>.<\/p>\n<p>Troja-Ljungbys back Arvils Bergmanis har anm\u00e4lts f\u00f6r en av situationerna. <\/p>\n<p class=\"\">BIK Karlskoga arrangerade tv\u00e5 viktiga kv\u00e4llar med ett publikengagemang, med syfte att f\u00e5 ett tillskott i budgeten. <\/p>\n<p class=\"\">Detta uppges nu ha n\u00e5tt det uppsatta m\u00e5let, och dessutom f\u00f6rl\u00e4ngde assisterande lagkaptenen Gustaf Franz\u00e9n sitt kontrakt \u00f6ver n\u00e4sta s\u00e4song. <\/p>\n<p><a target=\"_blank\" href=\"https:\/\/track.adform.net\/C\/?bn=86525284;gdpr=${GDPR};gdpr_consent=${GDPR_CONSENT_50}\" rel=\"nofollow noopener\"><\/p>\n<p class=\"\">\u2013 Det k\u00e4nns riktigt bra att f\u00f6rl\u00e4nga. Jag trivs v\u00e4ldigt bra i Karlskoga, b\u00e5de i laget och runt f\u00f6reningen. Vi har n\u00e5got bra p\u00e5 g\u00e5ng och jag vill vara med och ta n\u00e4sta steg tillsammans med gruppen, s\u00e4ger Franz\u00e9n till klubbens hemsida. <\/p>\n<p class=\"\">Men det blev f\u00f6rlust i matchen mot Troja-Ljungby, och b\u00e5de Gustaf Thorell och Jonatan Harju l\u00e4mnade isen efter ot\u00e4cka situationer. Thorell tacklades av Arvils Bergmanis, som har anm\u00e4lts till disciplinn\u00e4mnden och riskerar avst\u00e4ngning. <\/p>\n<p class=\"\">Edwin Lindstr\u00f6m ber\u00e4ttade efter\u00e5t f\u00f6r KT-Kuriren att b\u00e5da BIK-spelarna m\u00e5dde &#8221;efter omst\u00e4ndigheterna okej&#8221; efter matchen. <\/p>\n<p class=\"\">\u2013 Sen diagnos och l\u00e4ge fram\u00e5t, det \u00e4r f\u00f6r tidigt att s\u00e4ga. N\u00e5gon match p\u00e5 onsdag kommer det inte bli f\u00f6r dem. Det \u00e4r det jag kan s\u00e4ga just nu, s\u00e4ger Lindstr\u00f6m. <\/p>\n<p class=\"\">BIK m\u00f6ter d\u00e5 V\u00e4ster\u00e5s. <\/p>\n<p class=\"\">\u00c4ven Trojas materialf\u00f6rvaltare Terry H\u00e4gg har anm\u00e4lts till disciplinn\u00e4mnden f\u00f6r situationen n\u00e4r Bergmanis skulle l\u00e4mna isen och det blev tumult mellan b\u00e5sen.<\/p>\n<p class=\"\">&#8221;I samband med utvisningen uppst\u00e5r en del irritation mellan lagen. N\u00e4r spelaren l\u00e4mnar utvisningsb\u00e5set efter videobed\u00f6mningen f\u00f6r att bege sig till sitt omkl\u00e4dningsrum tar Trojas materialf\u00f6rvaltare Terry H\u00e4gg en position utanf\u00f6r sitt spelarb\u00e5s, n\u00e4stan inne i motst\u00e5ndarnas spelarb\u00e5s. Han skriker n\u00e5gonting mot motst\u00e5ndarnas spelarb\u00e5s och pekar d\u00e4refter finger i samma riktning. Terry H\u00e4gg \u00e5d\u00f6ms lagstraff plus game misconduct f\u00f6r unsportsmanlike conduct och anm\u00e4ls h\u00e4rmed till bestraffning&#8221;, skriver Player Safety Group i anm\u00e4lan. <\/p>\n<p class=\"\">Fotnot: Artikeln har uppdaterats med den sistn\u00e4mnda anm\u00e4lan. <\/p>\n<p>Kommentarer TopprankadeSenaste\u00c4ldstaTrendar<\/p>\n<p>Skaffa PLUS f\u00f6r att kommentera<\/p>\n<p>Med en aktiv PLUS-prenumeration kan du kommentera, svara p\u00e5 andra och gilla kommentarer.<\/p>\n<p><a class=\"btn-primary btn-small\" href=\"https:\/\/hockeynews.se\/plus\" rel=\"nofollow noopener\" target=\"_blank\">Skaffa PLUS<\/a><\/p>\n<p>Halva priset p\u00e5 TV4 Play Sport Hockey \u2013 <a class=\"text-yellow underline\" href=\"https:\/\/www.tv4play.se\/kampanj\/hockeynewshockey\" rel=\"nofollow noopener\" target=\"_blank\">f\u00e5 kod med Hockeynews h\u00e4r!<\/a> (Annons)<\/p>\n","protected":false},"excerpt":{"rendered":"ANNONS Presenteras av Svenska Spel Sport &amp; Casino AB. \u00c5ldersgr\u00e4ns 18 \u00e5r. St\u00f6dlinjen.se BIK Karlskoga kunde presentera tv\u00e5&hellip;\n","protected":false},"author":2,"featured_media":132608,"comment_status":"","ping_status":"","sticky":false,"template":"","format":"standard","meta":{"footnotes":""},"categories":[5],"tags":[22,23,26,27,17,21,24,25,28,29,15,16,18,34,31,33,32,30,19,20],"class_list":{"0":"post-132607","1":"post","2":"type-post","3":"status-publish","4":"format-standard","5":"has-post-thumbnail","7":"category-rubriker","8":"tag-breaking-news","9":"tag-breakingnews","10":"tag-featured-news","11":"tag-featurednews","12":"tag-headlines","13":"tag-huvudnyheter","14":"tag-latest-news","15":"tag-latestnews","16":"tag-main-news","17":"tag-mainnews","18":"tag-news","19":"tag-nyheter","20":"tag-rubriker","21":"tag-se","22":"tag-svenska","23":"tag-sverige","24":"tag-sweden","25":"tag-swedish","26":"tag-top-stories","27":"tag-topstories"},"share_on_mastodon":{"url":"https:\/\/pubeurope.com\/@se\/115878219159692942","error":""},"_links":{"self":[{"href":"https:\/\/www.europesays.com\/se\/wp-json\/wp\/v2\/posts\/132607","targetHints":{"allow":["GET"]}}],"collection":[{"href":"https:\/\/www.europesays.com\/se\/wp-json\/wp\/v2\/posts"}],"about":[{"href":"https:\/\/www.europesays.com\/se\/wp-json\/wp\/v2\/types\/post"}],"author":[{"embeddable":true,"href":"https:\/\/www.europesays.com\/se\/wp-json\/wp\/v2\/users\/2"}],"replies":[{"embeddable":true,"href":"https:\/\/www.europesays.com\/se\/wp-json\/wp\/v2\/comments?post=132607"}],"version-history":[{"count":0,"href":"https:\/\/www.europesays.com\/se\/wp-json\/wp\/v2\/posts\/132607\/revisions"}],"wp:featuredmedia":[{"embeddable":true,"href":"https:\/\/www.europesays.com\/se\/wp-json\/wp\/v2\/media\/132608"}],"wp:attachment":[{"href":"https:\/\/www.europesays.com\/se\/wp-json\/wp\/v2\/media?parent=132607"}],"wp:term":[{"taxonomy":"category","embeddable":true,"href":"https:\/\/www.europesays.com\/se\/wp-json\/wp\/v2\/categories?post=132607"},{"taxonomy":"post_tag","embeddable":true,"href":"https:\/\/www.europesays.com\/se\/wp-json\/wp\/v2\/tags?post=132607"}],"curies":[{"name":"wp","href":"https:\/\/api.w.org\/{rel}","templated":true}]}}