{"id":132619,"date":"2026-01-11T20:34:08","date_gmt":"2026-01-11T20:34:08","guid":{"rendered":"https:\/\/www.europesays.com\/se\/132619\/"},"modified":"2026-01-11T20:34:08","modified_gmt":"2026-01-11T20:34:08","slug":"bjorn-hellgren-klar-for-spel-pa-liv-touren","status":"publish","type":"post","link":"https:\/\/www.europesays.com\/se\/132619\/","title":{"rendered":"Bj\u00f6rn Hellgren klar f\u00f6r spel p\u00e5 LIV-touren"},"content":{"rendered":"<p class=\"boxtextgrotesk-root_baa6 hyperion-css-1w346fg\">Uppdaterad 21.20 | Publicerad 21.16<\/p>\n<p>share-arrowDela<\/p>\n<p>unsaveSpara<\/p>\n<p class=\"hyperion-css-1shl3oz\" data-test-tag=\"lead-text\">En nytt svenskt golfproffs \u00e4r klar f\u00f6r LIV-touren kommande s\u00e4song.<\/p>\n<p class=\"hyperion-css-1shl3oz\" data-test-tag=\"lead-text\">Bj\u00f6rn Hellgren, 35, lyckades ta en av tre platser i helgens kvalt\u00e4vling. <\/p>\n<p class=\"hyperion-css-1shl3oz\" data-test-tag=\"lead-text\">\u2013\u00a0Det \u00e4r galet, s\u00e4ger han i Viaplay. <\/p>\n<p>expand-left<\/p>\n<p>helsk\u00e4rm<img decoding=\"async\" class=\"image-asset hyperion-css-u06ts1\" data-test-tag=\"image-asset\" src=\"https:\/\/www.europesays.com\/se\/wp-content\/uploads\/2026\/01\/dc946611-dcc9-41bc-928e-bf913d049cc7.jpeg\"  alt=\"Bj\u00f6rn Hellgren.\"  loading=\"eager\" fetchpriority=\"high\" style=\"aspect-ratio:1900 \/ 1267\"\/>Bj\u00f6rn Hellgren. Foto: Yoshimasa Nakano \/ Getty Images<\/p>\n<p class=\"hyperion-css-1v9qo5x\">Bj\u00f6rn Hellgren fanns med i toppen inf\u00f6r sista rundan under s\u00f6ndagen och med en stark avslutning st\u00e5r det nu klart att han spelar p\u00e5 den saudiska LIV-touren kommande s\u00e4song.<\/p>\n<p class=\"hyperion-css-1v9qo5x\">Hellgren gick sin runda p\u00e5 sex under par, d\u00e4r han bland annat gjorde fyra birdies p\u00e5 de avslutande sex h\u00e5len. Den sista putten s\u00e4nkte han fr\u00e5n ett par meters avst\u00e5nd och firade med att vr\u00e5la ut sin gl\u00e4dje.<\/p>\n<p class=\"hyperion-css-1v9qo5x\">\u2013 Vi fortsatte sl\u00e5 bra slag och till slut b\u00f6rjade det fungera. Jag hade lite tur under de sista tre h\u00e5len. Annars hade jag inte st\u00e5tt h\u00e4r, s\u00e4ger Hellgren i Viaplay. <\/p>\n<p>\u201dWow \u2013 det \u00e4r galet\u201d<\/p>\n<p class=\"hyperion-css-1v9qo5x\">P\u00e5 LIV-touren kommer han bland annat att m\u00f6ta stj\u00e4rnor som Bryson DeChambeau, Brooks Koepka, Phil Mickelson och Jon Rahm.<\/p>\n<p class=\"hyperion-css-1v9qo5x\">\u2013 Wow. Jag kan inte tro p\u00e5 det just nu. Det \u00e4r sv\u00e5rt att ta in. Jag \u00e4r lycklig som f\u00e5r spela med s\u00e5na spelare. Jag kommer nog vara v\u00e4ldigt nerv\u00f6s under f\u00f6rsta dagen. Det \u00e4r s\u00e5 coolt och det visar alla d\u00e4r ute som \u00e4r i min position att du bara \u00e4r ett par veckor bort. Jag vann f\u00f6r ett par veckor sedan vilket satte mig i den h\u00e4r positionen. Det \u00e4r galet, s\u00e4ger Hellgren. <\/p>\n<p class=\"hyperion-css-1v9qo5x\">Efter sin avslutande rond ringde 35-\u00e5ringen ocks\u00e5 hem till frun och parets son, som \u00e4r 10 m\u00e5nader gammal. <\/p>\n<p class=\"hyperion-css-1v9qo5x\">\u2013 Hon ammade och jag tror inte hon f\u00f6rstod vad som h\u00e4nt. Det h\u00e4r kommer f\u00f6r\u00e4ndra allt f\u00f6r oss, s\u00e4ger han. <\/p>\n<p>Stensson har l\u00e4mnat<\/p>\n<p class=\"hyperion-css-1v9qo5x\">Henrik Stenson har spelat p\u00e5 den omstridda LIV-touren de senaste s\u00e4songerna men i augusti stod det klart att den svenske golfikonen tvingas l\u00e4mna touren efter f\u00f6r d\u00e5liga resultat. N\u00e4sta \u00e5r ska han i st\u00e4llet spela p\u00e5 DP World Tour, den tidigare Europatouren. <\/p>\n","protected":false},"excerpt":{"rendered":"Uppdaterad 21.20 | Publicerad 21.16 share-arrowDela unsaveSpara En nytt svenskt golfproffs \u00e4r klar f\u00f6r LIV-touren kommande s\u00e4song. Bj\u00f6rn&hellip;\n","protected":false},"author":2,"featured_media":132620,"comment_status":"","ping_status":"","sticky":false,"template":"","format":"standard","meta":{"footnotes":""},"categories":[5],"tags":[22,23,26,27,17,21,24,25,28,29,15,16,18,34,31,33,32,30,19,20],"class_list":{"0":"post-132619","1":"post","2":"type-post","3":"status-publish","4":"format-standard","5":"has-post-thumbnail","7":"category-rubriker","8":"tag-breaking-news","9":"tag-breakingnews","10":"tag-featured-news","11":"tag-featurednews","12":"tag-headlines","13":"tag-huvudnyheter","14":"tag-latest-news","15":"tag-latestnews","16":"tag-main-news","17":"tag-mainnews","18":"tag-news","19":"tag-nyheter","20":"tag-rubriker","21":"tag-se","22":"tag-svenska","23":"tag-sverige","24":"tag-sweden","25":"tag-swedish","26":"tag-top-stories","27":"tag-topstories"},"share_on_mastodon":{"url":"https:\/\/pubeurope.com\/@se\/115878380365645592","error":""},"_links":{"self":[{"href":"https:\/\/www.europesays.com\/se\/wp-json\/wp\/v2\/posts\/132619","targetHints":{"allow":["GET"]}}],"collection":[{"href":"https:\/\/www.europesays.com\/se\/wp-json\/wp\/v2\/posts"}],"about":[{"href":"https:\/\/www.europesays.com\/se\/wp-json\/wp\/v2\/types\/post"}],"author":[{"embeddable":true,"href":"https:\/\/www.europesays.com\/se\/wp-json\/wp\/v2\/users\/2"}],"replies":[{"embeddable":true,"href":"https:\/\/www.europesays.com\/se\/wp-json\/wp\/v2\/comments?post=132619"}],"version-history":[{"count":0,"href":"https:\/\/www.europesays.com\/se\/wp-json\/wp\/v2\/posts\/132619\/revisions"}],"wp:featuredmedia":[{"embeddable":true,"href":"https:\/\/www.europesays.com\/se\/wp-json\/wp\/v2\/media\/132620"}],"wp:attachment":[{"href":"https:\/\/www.europesays.com\/se\/wp-json\/wp\/v2\/media?parent=132619"}],"wp:term":[{"taxonomy":"category","embeddable":true,"href":"https:\/\/www.europesays.com\/se\/wp-json\/wp\/v2\/categories?post=132619"},{"taxonomy":"post_tag","embeddable":true,"href":"https:\/\/www.europesays.com\/se\/wp-json\/wp\/v2\/tags?post=132619"}],"curies":[{"name":"wp","href":"https:\/\/api.w.org\/{rel}","templated":true}]}}