{"id":132621,"date":"2026-01-11T20:37:15","date_gmt":"2026-01-11T20:37:15","guid":{"rendered":"https:\/\/www.europesays.com\/se\/132621\/"},"modified":"2026-01-11T20:37:15","modified_gmt":"2026-01-11T20:37:15","slug":"realityprofilen-dod-efter-honeymoon-island-flickvannens-ord","status":"publish","type":"post","link":"https:\/\/www.europesays.com\/se\/132621\/","title":{"rendered":"Realityprofilen d\u00f6d efter Honeymoon island \u2013 flickv\u00e4nnens ord"},"content":{"rendered":"<p>Publicerad 11 jan 2026 kl 21.00<\/p>\n<p>Glenn Vindfeldt och Cecilie Alb\u00e6k hittade varandra i danska \u201dHoneymoon island\u201d.<\/p>\n<p>Direkt efter\u00e5t fick Glenn mardr\u00f6msbeskedet.<\/p>\n<p><img   alt=\"\"\/><\/p>\n<p>Cecilie Alb\u00e6k och Glenn Vindfeldt.<\/p>\n<p>Foto: Warner Bros Discovery<\/p>\n<p>\u00d6ppna bild i helsk\u00e4rm<img loading=\"lazy\"   alt=\"\"\/><\/p>\n<p>Glenn blev bara 30 \u00e5r gammal.<\/p>\n<p>Foto: Warner Bros Discovery<\/p>\n<p>\u00d6ppna bild i helsk\u00e4rm<img loading=\"lazy\"   alt=\"\"\/>\u00d6ppna bild i helsk\u00e4rm<\/p>\n<p>Dejtingrealityn \u201dStranded on Honeymoon island\u201d blev en k\u00e4rlekssaga f\u00f6r Glenn Vindfeldt och Cecilie Alb\u00e6k.<\/p>\n<p>De \u00e5terv\u00e4nde tillsammans till Danmark och planerade f\u00f6r ett liv tillsammans.<\/p>\n<p>D\u00e5 fick Glenn Vindfeldt beskedet att han drabbats av br\u00f6stcancer som spridit sig i kroppen.<\/p>\n<p>Nu skriver Cecilie Alb\u00e6k p\u00e5 <a href=\"https:\/\/www.expressen.se\/tagg\/organization\/instagram\/\" class=\"\" rel=\"nofollow noopener\" target=\"_blank\">Instagram<\/a> att Glenn g\u00e5tt bort.<\/p>\n<p>\u201dVi hann bara k\u00e4nna varandra i 418 dagar\u201d, skriver hon och forts\u00e4tter:\u00a0<\/p>\n<p>\u201dJag kan inte f\u00f6rst\u00e5 att jag aldrig mer ska f\u00e5 se honom. Aldrig mer r\u00f6ra vid honom. Skratta med honom. Se in i de \u00f6gon som jag \u00e4r s\u00e5 djupt f\u00f6r\u00e4lskad i.\u201d<\/p>\n<p>Glenn Vindfeldt blev 30 \u00e5r gammal.<\/p>\n<p><a href=\"https:\/\/www.instagram.com\/p\/DTPqAwpDFNd\/?hidecaption=true\" data-provider=\"instagram\" class=\"js-social-embed\" rel=\"nofollow noopener\" target=\"_blank\">https:\/\/www.instagram.com\/p\/DTPqAwpDFNd\/?hidecaption=true<\/a><script async src=\"\/\/www.instagram.com\/embed.js\"><\/script><\/p>\n","protected":false},"excerpt":{"rendered":"Publicerad 11 jan 2026 kl 21.00 Glenn Vindfeldt och Cecilie Alb\u00e6k hittade varandra i danska \u201dHoneymoon island\u201d. Direkt&hellip;\n","protected":false},"author":2,"featured_media":132622,"comment_status":"","ping_status":"","sticky":false,"template":"","format":"standard","meta":{"footnotes":""},"categories":[67],"tags":[104,425,34,31,33,32,30,310,105],"class_list":{"0":"post-132621","1":"post","2":"type-post","3":"status-publish","4":"format-standard","5":"has-post-thumbnail","7":"category-underhallning","8":"tag-entertainment","9":"tag-organization-instagram","10":"tag-se","11":"tag-svenska","12":"tag-sverige","13":"tag-sweden","14":"tag-swedish","15":"tag-topic-kandisar","16":"tag-underhallning"},"share_on_mastodon":{"url":"https:\/\/pubeurope.com\/@se\/115878392126175209","error":""},"_links":{"self":[{"href":"https:\/\/www.europesays.com\/se\/wp-json\/wp\/v2\/posts\/132621","targetHints":{"allow":["GET"]}}],"collection":[{"href":"https:\/\/www.europesays.com\/se\/wp-json\/wp\/v2\/posts"}],"about":[{"href":"https:\/\/www.europesays.com\/se\/wp-json\/wp\/v2\/types\/post"}],"author":[{"embeddable":true,"href":"https:\/\/www.europesays.com\/se\/wp-json\/wp\/v2\/users\/2"}],"replies":[{"embeddable":true,"href":"https:\/\/www.europesays.com\/se\/wp-json\/wp\/v2\/comments?post=132621"}],"version-history":[{"count":0,"href":"https:\/\/www.europesays.com\/se\/wp-json\/wp\/v2\/posts\/132621\/revisions"}],"wp:featuredmedia":[{"embeddable":true,"href":"https:\/\/www.europesays.com\/se\/wp-json\/wp\/v2\/media\/132622"}],"wp:attachment":[{"href":"https:\/\/www.europesays.com\/se\/wp-json\/wp\/v2\/media?parent=132621"}],"wp:term":[{"taxonomy":"category","embeddable":true,"href":"https:\/\/www.europesays.com\/se\/wp-json\/wp\/v2\/categories?post=132621"},{"taxonomy":"post_tag","embeddable":true,"href":"https:\/\/www.europesays.com\/se\/wp-json\/wp\/v2\/tags?post=132621"}],"curies":[{"name":"wp","href":"https:\/\/api.w.org\/{rel}","templated":true}]}}