{"id":132623,"date":"2026-01-11T20:45:39","date_gmt":"2026-01-11T20:45:39","guid":{"rendered":"https:\/\/www.europesays.com\/se\/132623\/"},"modified":"2026-01-11T20:45:39","modified_gmt":"2026-01-11T20:45:39","slug":"pernilla-wahlgrens-kanslosamma-ord-om-pappa-i-tv4","status":"publish","type":"post","link":"https:\/\/www.europesays.com\/se\/132623\/","title":{"rendered":"Pernilla Wahlgrens k\u00e4nslosamma ord om pappa i TV4"},"content":{"rendered":"<p>Publicerad 10 jan 2026 kl 21.34Uppdaterad kl 22.25<\/p>\n<p>F\u00f6r 1,5 \u00e5r sedan f\u00f6rlorade Pernilla Wahlgren sin pappa i cancer.<\/p>\n<p>I finalen av \u201dK\u00f6rslaget \u2013 tillsammans mot cancer\u201d hyllar hon sin pappa.<\/p>\n<p>\u2013 Jag saknar honom varje sekund, s\u00e4ger hon.<\/p>\n<p><img   alt=\"\"\/><\/p>\n<p>Pernilla Wahlgrens hyllar pappa Hans Wahlgren i \u201dK\u00f6rslaget\u201d.<\/p>\n<p>\u00d6ppna bild i helsk\u00e4rm<\/p>\n<p>P\u00e5 l\u00f6rdagskv\u00e4llen h\u00e5lls finalen av \u201dK\u00f6rslaget \u2013 tillsammans mot cancer\u201d och samlar samtidigt in pengar till <a href=\"https:\/\/www.expressen.se\/tagg\/organization\/cancerfonden\/\" class=\"\" rel=\"nofollow noopener\" target=\"_blank\">Cancerfonden<\/a>.<\/p>\n<p>Det \u00e4r Linnea Henriksson, Eric Gadd och Janice Kavander samt deras respektive k\u00f6rer som g\u00e5r upp om vinsten.<\/p>\n<p>Eric Saade leder finalen ihop med Pernilla Wahlgren.<\/p>\n<p>Wahlgren f\u00f6rlorade sin pappa Hans Wahlgren i cancer f\u00f6r 1,5 \u00e5r sedan och blev personlig n\u00e4r hon uppmanande tittarna att bli m\u00e5nadsgivare till Cancerfonden.<\/p>\n<p>Programledaren hyllade sin pappa i direkts\u00e4ndningen.<\/p>\n<p>\u2013 Det h\u00e4r min pappa, han gick bort i cancer f\u00f6r 1,5 \u00e5r sedan och f\u00f6rutom alla fina minnen \u00e4r den h\u00e4r bilden det jag har kvar att h\u00e5lla i, sa hon och visade upp en bild p\u00e5 sin pappa och fortsatte:<\/p>\n<p>\u2013 Ett ansikte bakom glas p\u00e5 en \u00e4lskad pappa som f\u00f6rgyllde mitt liv med s\u00e5 mycket k\u00e4rlek och v\u00e4rme. Och jag saknar honom varje sekund. Men jag vet att jag inte \u00e4r ensam. Det finns s\u00e5 m\u00e5nga av oss som har st\u00e5tt bredvid n\u00e5gon vi \u00e4lskar som vi har tvingats sl\u00e4ppa taget om l\u00e5ngt innan vi var redo, sa hon och uppmanade tittarna att sk\u00e4nka pengar till Cancerfonden.<\/p>\n","protected":false},"excerpt":{"rendered":"Publicerad 10 jan 2026 kl 21.34Uppdaterad kl 22.25 F\u00f6r 1,5 \u00e5r sedan f\u00f6rlorade Pernilla Wahlgren sin pappa i&hellip;\n","protected":false},"author":2,"featured_media":132624,"comment_status":"","ping_status":"","sticky":false,"template":"","format":"standard","meta":{"footnotes":""},"categories":[67],"tags":[104,5022,11798,384,357,34,31,33,32,30,105],"class_list":{"0":"post-132623","1":"post","2":"type-post","3":"status-publish","4":"format-standard","5":"has-post-thumbnail","7":"category-underhallning","8":"tag-entertainment","9":"tag-organization-cancerfonden","10":"tag-organization-korslaget","11":"tag-organization-tv4","12":"tag-person-pernilla-wahlgren","13":"tag-se","14":"tag-svenska","15":"tag-sverige","16":"tag-sweden","17":"tag-swedish","18":"tag-underhallning"},"share_on_mastodon":{"url":"https:\/\/pubeurope.com\/@se\/115878423617235247","error":""},"_links":{"self":[{"href":"https:\/\/www.europesays.com\/se\/wp-json\/wp\/v2\/posts\/132623","targetHints":{"allow":["GET"]}}],"collection":[{"href":"https:\/\/www.europesays.com\/se\/wp-json\/wp\/v2\/posts"}],"about":[{"href":"https:\/\/www.europesays.com\/se\/wp-json\/wp\/v2\/types\/post"}],"author":[{"embeddable":true,"href":"https:\/\/www.europesays.com\/se\/wp-json\/wp\/v2\/users\/2"}],"replies":[{"embeddable":true,"href":"https:\/\/www.europesays.com\/se\/wp-json\/wp\/v2\/comments?post=132623"}],"version-history":[{"count":0,"href":"https:\/\/www.europesays.com\/se\/wp-json\/wp\/v2\/posts\/132623\/revisions"}],"wp:featuredmedia":[{"embeddable":true,"href":"https:\/\/www.europesays.com\/se\/wp-json\/wp\/v2\/media\/132624"}],"wp:attachment":[{"href":"https:\/\/www.europesays.com\/se\/wp-json\/wp\/v2\/media?parent=132623"}],"wp:term":[{"taxonomy":"category","embeddable":true,"href":"https:\/\/www.europesays.com\/se\/wp-json\/wp\/v2\/categories?post=132623"},{"taxonomy":"post_tag","embeddable":true,"href":"https:\/\/www.europesays.com\/se\/wp-json\/wp\/v2\/tags?post=132623"}],"curies":[{"name":"wp","href":"https:\/\/api.w.org\/{rel}","templated":true}]}}