{"id":132631,"date":"2026-01-11T20:57:43","date_gmt":"2026-01-11T20:57:43","guid":{"rendered":"https:\/\/www.europesays.com\/se\/132631\/"},"modified":"2026-01-11T20:57:43","modified_gmt":"2026-01-11T20:57:43","slug":"adam-9-slapper-bok-om-titanic","status":"publish","type":"post","link":"https:\/\/www.europesays.com\/se\/132631\/","title":{"rendered":"Adam, 9, sl\u00e4pper bok om Titanic"},"content":{"rendered":"<p class=\"ort\">\u00d6stberga<\/p>\n<p class=\"text\">Tidigare var det rymden som g\u00e4llde men den senaste tiden har historieintresserade Adam Zitouni, 9, l\u00e4rt sig allt om Titanics \u00f6de \u2013 det ber\u00f6mda fartyget som kolliderade med ett isberg 1912 och sj\u00f6nk till Atlantens botten. Cirka 1500 m\u00e4nniskor miste livet i olyckan.<\/p>\n<p class=\"text\">Adam best\u00e4mde sig f\u00f6r att skriva en bok och ber\u00e4ttade f\u00f6r sin l\u00e4rare om planerna. <\/p>\n<p class=\"text\">\u2013 Den handlar om Frank, en fattig kille i min \u00e5lder, som ska \u00e5ka med Titanic tillsammans med sin familj. De ska \u00e5ka tredje klass och Frank blir retad f\u00f6r det i skolan, s\u00e4ger Adam Zitouni.<\/p>\n<p class=\"faktarubrik\">&#8221;Frank och Titanic&#8221;<\/p>\n<p class=\"fakta\">Boken handlar om Frank, som ska ut p\u00e5 sitt livs \u00e4ventyr n\u00e4r han g\u00e5r ombord p\u00e5 Titanic. Men resan visar sig i st\u00e4llet handla om liv och d\u00f6d. <\/p>\n<p class=\"fakta\">Bilderna i boken har tagits fram med hj\u00e4lp av AI. <\/p>\n<p class=\"fakta\">28 sidor. <\/p>\n<p class=\"faktakalla\">K\u00e4lla: Mitt i<\/p>\n<p class=\"text\">Boken \u00e4r baserad p\u00e5 den verkliga h\u00e4ndelsen men har fiktiva inslag. <\/p>\n<p class=\"text\">\u2013 Man kan l\u00e4sa boken om man vill f\u00e5 en k\u00e4nsla av hur det kunde k\u00e4nnas att vara med p\u00e5 b\u00e5ten. Frank var med p\u00e5 Titanic p\u00e5 riktigt. Sen har jag hittat p\u00e5 lite sj\u00e4lv.<\/p>\n<p class=\"text\">Hur fick du id\u00e9n att skriva en bok?<\/p>\n<p class=\"text\">\u2013 Jag har en dator i skolan och har skrivit m\u00e5nga texter, s\u00e5 jag ville skriva en j\u00e4ttel\u00e5ng, s\u00e4ger Adam Zitouni, som sj\u00e4lv l\u00e4ser mycket.<\/p>\n<p><img decoding=\"async\" class=\"Image Image_\" src=\"\" data-aghref=\"http:\/\/www.mitti.se\/image-3.353625.270508.20260105060230.8399213bb7\" data-agimagetype=\"hardcrop\" alt=\"Stundtals under skrivprocessen tvivlade Adam p\u00e5 om han skulle forts\u00e4tta med boken. \"\/><\/p>\n<p class=\"Caption\">Stundtals under skrivprocessen tvivlade Adam p\u00e5 om han skulle forts\u00e4tta med boken. <\/p>\n<p class=\"Source\">Christian L\u00e4rk<\/p>\n<p class=\"text\">Under skrivprocessen pr\u00f6vades hans t\u00e5lamod. Men efter tre m\u00e5naders skrivande p\u00e5 &#8221;fritidstid&#8221; efter skolan var boken &#8221;Frank och Titanic&#8221; klar. En halvtimme h\u00e4r, en kvart d\u00e4r. <\/p>\n<p class=\"text\">\u2013 Jag ville g\u00e4rna g\u00f6ra klart boken snabbt, men jag ville samtidigt att den skulle bli bra. Det fanns stunder n\u00e4r jag fr\u00e5gade mig sj\u00e4lv om jag skulle sluta skriva, s\u00e4ger Adam Zitouni. <\/p>\n<p class=\"citat\">Det \u00e4r inte alla som har n\u00e5gon i sl\u00e4kten som har skrivit en bok<\/p>\n<p class=\"text\">Han och hans l\u00e4rare Nathalie Vollbrecht har gjort research, dubbelkollat fakta och googlat tillsammans. <\/p>\n<p class=\"text\">\u2013 Vi har pratat mycket och bollat grejer innan Adam b\u00f6rjade skriva. Sedan fokuserade vi mycket p\u00e5 spr\u00e5ket, jag r\u00e4ttade texterna och f\u00f6rklarade varf\u00f6r, s\u00e4ger Nathalie Vollbrecht.<\/p>\n<p class=\"faktarubrik\">Adams skrivtips<\/p>\n<p class=\"fakta\">Ha t\u00e5lamod. Hitta en bra tidpunkt att skriva och best\u00e4m dig f\u00f6r vilken tid du ska sluta.<\/p>\n<p class=\"fakta\">G\u00f6r research. Om du ska skriva om n\u00e5got som har h\u00e4nt i verkligheten \u2013 ta reda p\u00e5 s\u00e5 mycket du kan om h\u00e4ndelsen. <\/p>\n<p class=\"faktakalla\">K\u00e4lla: Mitt i<\/p>\n<p class=\"text\">Boken finns i tv\u00e5 exemplar f\u00f6r utl\u00e5n p\u00e5 \u00d6stberga bibliotek. Klasserna i l\u00e5gstadiet har f\u00e5tt varsin och n\u00e5gra ska Adam ta hem.<\/p>\n<p class=\"text\">\u2013 Min familj \u00e4r v\u00e4ldigt imponerade. Det \u00e4r inte alla som har n\u00e5gon i sl\u00e4kten som har skrivit en bok, s\u00e4ger Adam Zitouni.<\/p>\n<p class=\"text\">Sannolikt blir det fler b\u00f6cker.<\/p>\n<p class=\"text\">\u2013 Kanske en bok om n\u00e5gon fotbollsspelare som \u00e4r bra men inte s\u00e5 k\u00e4nd.<\/p>\n","protected":false},"excerpt":{"rendered":"\u00d6stberga Tidigare var det rymden som g\u00e4llde men den senaste tiden har historieintresserade Adam Zitouni, 9, l\u00e4rt sig&hellip;\n","protected":false},"author":2,"featured_media":132632,"comment_status":"","ping_status":"","sticky":false,"template":"","format":"standard","meta":{"footnotes":""},"categories":[12],"tags":[22,23,26,27,17,21,24,25,28,29,15,16,18,34,31,33,32,30,19,20],"class_list":{"0":"post-132631","1":"post","2":"type-post","3":"status-publish","4":"format-standard","5":"has-post-thumbnail","7":"category-sverige","8":"tag-breaking-news","9":"tag-breakingnews","10":"tag-featured-news","11":"tag-featurednews","12":"tag-headlines","13":"tag-huvudnyheter","14":"tag-latest-news","15":"tag-latestnews","16":"tag-main-news","17":"tag-mainnews","18":"tag-news","19":"tag-nyheter","20":"tag-rubriker","21":"tag-se","22":"tag-svenska","23":"tag-sverige","24":"tag-sweden","25":"tag-swedish","26":"tag-top-stories","27":"tag-topstories"},"share_on_mastodon":{"url":"https:\/\/pubeurope.com\/@se\/115878471074897809","error":""},"_links":{"self":[{"href":"https:\/\/www.europesays.com\/se\/wp-json\/wp\/v2\/posts\/132631","targetHints":{"allow":["GET"]}}],"collection":[{"href":"https:\/\/www.europesays.com\/se\/wp-json\/wp\/v2\/posts"}],"about":[{"href":"https:\/\/www.europesays.com\/se\/wp-json\/wp\/v2\/types\/post"}],"author":[{"embeddable":true,"href":"https:\/\/www.europesays.com\/se\/wp-json\/wp\/v2\/users\/2"}],"replies":[{"embeddable":true,"href":"https:\/\/www.europesays.com\/se\/wp-json\/wp\/v2\/comments?post=132631"}],"version-history":[{"count":0,"href":"https:\/\/www.europesays.com\/se\/wp-json\/wp\/v2\/posts\/132631\/revisions"}],"wp:featuredmedia":[{"embeddable":true,"href":"https:\/\/www.europesays.com\/se\/wp-json\/wp\/v2\/media\/132632"}],"wp:attachment":[{"href":"https:\/\/www.europesays.com\/se\/wp-json\/wp\/v2\/media?parent=132631"}],"wp:term":[{"taxonomy":"category","embeddable":true,"href":"https:\/\/www.europesays.com\/se\/wp-json\/wp\/v2\/categories?post=132631"},{"taxonomy":"post_tag","embeddable":true,"href":"https:\/\/www.europesays.com\/se\/wp-json\/wp\/v2\/tags?post=132631"}],"curies":[{"name":"wp","href":"https:\/\/api.w.org\/{rel}","templated":true}]}}