{"id":132633,"date":"2026-01-11T20:58:13","date_gmt":"2026-01-11T20:58:13","guid":{"rendered":"https:\/\/www.europesays.com\/se\/132633\/"},"modified":"2026-01-11T20:58:13","modified_gmt":"2026-01-11T20:58:13","slug":"antonia-44-dog-efter-hundattacken-i-goteborg","status":"publish","type":"post","link":"https:\/\/www.europesays.com\/se\/132633\/","title":{"rendered":"Antonia, 44, dog efter hundattacken i G\u00f6teborg"},"content":{"rendered":"<p>Publicerad 11 jan 2026 kl 19.07Uppdaterad kl 21.50<\/p>\n<p>Antonia, 44, attackerades av sin flickv\u00e4ns kamphund i samband med ett br\u00e5k.\u00a0<\/p>\n<p>Hon f\u00f6rbl\u00f6dde i badrummet.\u00a0<\/p>\n<p>Om hon f\u00e5tt sjukv\u00e5rd tidigare hade hon kanske \u00f6verlevt.\u00a0<\/p>\n<p>Flickv\u00e4nnen st\u00e5r \u00e5talad f\u00f6r grovt v\u00e5llande till annans d\u00f6d.\u00a0<\/p>\n<p>\u2013 Hon var rolig och fick alltid sina v\u00e4nner att skratta, s\u00e4ger Antonias lillebror om systern.\u00a0<\/p>\n<p>Senaste nyhetsklippen fr\u00e5n Expressen.<img   alt=\"\"\/><\/p>\n<p>Antonia, 44, dog av skadorna hon fick n\u00e4r flickv\u00e4nnens kamphund gick till attack.<\/p>\n<p>Foto: Privat<\/p>\n<p>\u00d6ppna bild i helsk\u00e4rm<img loading=\"lazy\"   alt=\"\"\/><\/p>\n<p>Kriminalteknikerna hittade m\u00e5nga sp\u00e5r efter blodp\u00f6lar i l\u00e4genheten.<\/p>\n<p>Foto: Polisens f\u00f6runders\u00f6kning<\/p>\n<p>\u00d6ppna bild i helsk\u00e4rm<\/p>\n<p>Antonia, 44, flyttade fr\u00e5n hemlandet Grekland till Sverige f\u00f6r \u00f6ver tio \u00e5r sedan.\u00a0<\/p>\n<p>Artikeln i korthet<\/p>\n<p> 44-\u00e5riga Antonia fr\u00e5n Grekland avled av de skador hon fick n\u00e4r hennes flickv\u00e4ns kamphund gick till attack i samband med ett br\u00e5k i april 2024.\u00a0<\/p>\n<p> Flickv\u00e4nnen, en kvinna i 25-\u00e5rs\u00e5ldern, har \u00e5talats f\u00f6r grovt v\u00e5llande till annans d\u00f6d. \u00a0<\/p>\n<p> Antonias lillebror ber\u00e4ttar att systern var social och rolig. Familjen har fortfarande djup sorg.\u00a0<\/p>\n<p>Visa mer<\/p>\n<p>Under en tid jobbade hon som fotograf och entr\u00e9v\u00e4rd p\u00e5 en nattklubb i Stockholm. Sommaren 2023 b\u00f6rjade hon dejta en kvinna i 25-\u00e5rs\u00e5ldern som hon l\u00e4rt k\u00e4nna via jobbet p\u00e5 nattklubben ett par \u00e5r tidigare. Vid den tiden bodde Antonia i <a href=\"https:\/\/www.expressen.se\/tagg\/location\/goteborg\/\" class=\"\" rel=\"nofollow noopener\" target=\"_blank\">G\u00f6teborg<\/a> och arbetade som kock p\u00e5 ett hotell.\u00a0<\/p>\n<p><img loading=\"lazy\"   alt=\"\"\/><\/p>\n<p>Antonia var utbildad kock och \u00e4lskade matlagning, ber\u00e4ttar hennes yngre bror.<\/p>\n<p>Foto: Privat<\/p>\n<p>\u00d6ppna bild i helsk\u00e4rm<\/p>\n<p>Antonias lillebror beskriver sin syster som en omt\u00e4nksam och social person, med v\u00e4nner \u00f6ver hela v\u00e4rlden. Hon \u00e4lskade att fotografera, laga mat och resa.\u00a0<\/p>\n<p>\u2013 Hon ville alltid hj\u00e4lpa andra n\u00e4r de beh\u00f6vde st\u00f6d i sina relationer eller p\u00e5 ett personligt plan. Hon var or\u00e4dd. Hon backade aldrig av n\u00e5gon anledning, utan utmanade st\u00e4ndigt sina gr\u00e4nser och provade nya saker, ibland utan att t\u00e4nka p\u00e5 konsekvenserna. Hon var rolig och fick alltid sina v\u00e4nner att skratta, s\u00e4rskilt n\u00e4r de var p\u00e5 d\u00e5ligt hum\u00f6r, ber\u00e4ttar brodern och forts\u00e4tter: \u00a0<\/p>\n<p>\u2013 Hon hade en s\u00e4rskilt svag punkt: v\u00e5r pappa. Hon \u00e4lskade honom oerh\u00f6rt mycket. Hon var verkligen pappas flicka.\u00a0<\/p>\n<p><img loading=\"lazy\"   alt=\"\"\/><\/p>\n<p>Antonias kallades f\u00f6r Tania, ber\u00e4ttar hennes bror. Familjen har fortfarande djup sorg.<\/p>\n<p>Foto: Privat<\/p>\n<p>\u00d6ppna bild i helsk\u00e4rm<\/p>\n<p>Antonias lillebror bor ocks\u00e5 i Sverige. En dag i slutet av april 2024 kom pl\u00f6tsligt en polispatrull till hans arbetsplats. Poliserna ber\u00e4ttade att Antonia var d\u00f6d \u2013 och att flickv\u00e4nnen misst\u00e4nktes f\u00f6r mord. Sedan dess \u00e4r ingenting sig likt f\u00f6r Antonias familj.\u00a0<\/p>\n<p>\u2013 Vi blev alla chockade och f\u00f6rvirrade eftersom polisen sa att min syster hade blivit m\u00f6rdad, men sedan kom det inte en enda ny uppgift p\u00e5 m\u00e5nga m\u00e5nader. Jag var r\u00e4dd och i f\u00f6rnekelse. Denna \u201dolycka\u201d f\u00f6r\u00e4ndrade mig f\u00f6r alltid, s\u00e4ger brodern. \u00a0<\/p>\n<p>\u201dBitit henne \u00f6verallt\u201d<\/p>\n<p>Den d\u00f6dliga hundattacken \u00e4gde rum i flickv\u00e4nnens bostad i G\u00f6teborg. Flickv\u00e4nnen h\u00e4vdar i polisf\u00f6rh\u00f6r att Antonia misshandlade henne och att en av hennes hundar, en American Bully, gick till attack i samband med det.\u00a0<\/p>\n<p>\u2013 Det jag minns \u00e4r att min hund biter tag i hennes arm. Hon f\u00f6ll ner p\u00e5 marken, jag f\u00f6rs\u00f6kte ta bort hunden. Jag var sj\u00e4lv s\u00e5 pass virrig. Jag hade inte&#8230; Han var s\u00e5 stark liksom. \u00a0<\/p>\n<p>\u2013 Han tog tag i armen. Hennes ansikte var f\u00f6rst\u00f6rt. Allts\u00e5 jag f\u00f6rs\u00f6ker inte ens&#8230; Allts\u00e5 det \u00e4r j\u00e4ttesv\u00e5rt att prata om det. Men han hade typ bitit henne lite \u00f6verallt. Och det s\u00e5g hemskt ut. \u00a0<\/p>\n<p>Antonia f\u00f6rbl\u00f6dde i badrummet. Om hon f\u00e5tt sjukv\u00e5rd tidigare hade hon kanske \u00f6verlevt.\u00a0<\/p>\n<p>\u00c5talas f\u00f6r v\u00e5llande till annans d\u00f6d<\/p>\n<p><a href=\"https:\/\/www.expressen.se\/nyheter\/sverige\/kvinna-ihjalbiten-av-flickvannens-hund\/\" rel=\"nofollow noopener\" target=\"_blank\">Strax innan jul \u00e5talades flickv\u00e4nnen f\u00f6r grovt v\u00e5llande till annans d\u00f6d.<\/a> Enligt \u00e5klagaren borde hon dels ha haft b\u00e4ttre kontroll \u00f6ver hunden och dels sett till att Antonia fick sjukv\u00e5rd tidigare. Flickv\u00e4nnen var n\u00e4mligen i kontakt med SOS Alarm flera g\u00e5nger under natten och morgonen \u2013 men sl\u00e4ppte inte in de ambulanssjukv\u00e5rdare som f\u00f6rst larmades till bostaden. Hon kan inte tydligt f\u00f6rklara varf\u00f6r hon avvisade ambulansen. I polisf\u00f6rh\u00f6r s\u00e4ger hon bland annat att hon \u201dinte minns\u201d, \u201dvar chockad\u201d och \u201dh\u00f6g p\u00e5 kokain\u201d.\u00a0<\/p>\n<p>Annons<\/p>\n<p>I \u00e5talet st\u00e5r det bland annat: \u201d[Flickv\u00e4nnens] underl\u00e5tenhet har varit en bidragande orsak till att m\u00e5ls\u00e4ganden avled. [Flickv\u00e4nnens] oaktsamhet bestod i att hon inte haft tillr\u00e4cklig kontroll och uppsikt \u00f6ver hunden, att hon inte vidtagit adekvata \u00e5tg\u00e4rder med anledning av skadorna och att hon l\u00e4mnat Antonia [efternamn] utan uppsikt och tillsyn.\u201d \u00a0<\/p>\n<p><img loading=\"lazy\"   alt=\"\"\/><\/p>\n<p>Hunden som gick till attack, en American Bully, avlivades senare.<\/p>\n<p>Foto: Polisens f\u00f6runders\u00f6kning<\/p>\n<p>\u00d6ppna bild i helsk\u00e4rm<\/p>\n<p>Flickv\u00e4nnen, som allts\u00e5 f\u00f6rst misst\u00e4nktes f\u00f6r mord, f\u00f6rnekar brott. Antonias lillebror tycker att hon haft tur som bara \u00e5talats f\u00f6r grovt v\u00e5llande till annans d\u00f6d.\u00a0<\/p>\n<p>\u2013 \u00c4ven om det inte har fastst\u00e4llts som ett mord vet jag att det var mer \u00e4n en olycka, eftersom deras relation inte var stabil och min syster f\u00f6rs\u00f6kte avsluta den, s\u00e4ger han. \u00a0<\/p>\n<p>Brodern: F\u00f6rbjud kamphundar<\/p>\n<p>Flickv\u00e4nnen s\u00e4ger i polisf\u00f6rh\u00f6r att hon lider av psykisk oh\u00e4lsa och att hon tidigare i livet varit med om olika traumatiska saker. Antonias lillebror tycker att en person som hon inte borde f\u00e5 \u00e4ga kamphundar.\u00a0<\/p>\n<p>\u2013 Jag k\u00e4nner till s\u00e5dana h\u00e4r hundar, eftersom jag har sett mina grannar och kriminella g\u00e4ng i USA anv\u00e4nda dem f\u00f6r att skada m\u00e4nniskor, barn och andra. De borde f\u00f6rbjudas helt, eftersom dessa hundar kan skada vem som helst, s\u00e4rskilt om de hamnar i fel h\u00e4nder.\u00a0<\/p>\n<p>Riksdagsledamoten Fredrik K\u00e4rrholm (M) vill f\u00f6rbjuda vissa farliga hundraser. Efter Expressens f\u00f6rsta artikel om \u00e5talet skrev han p\u00e5 plattformen X: \u201dHundens styrka gjorde att \u00e4garen inte kunde stoppa attacken, som d\u00e4rmed slutade i d\u00f6dlig utg\u00e5ng. Det \u00e4r uppenbart att dessa hundar beh\u00f6ver f\u00f6rbjudas.\u201d<\/p>\n<p><strong>L\u00c4S MER: <\/strong><a href=\"https:\/\/www.expressen.se\/nyheter\/sverige\/kvinna-ihjalbiten-av-flickvannens-hund\/\" class=\"\" rel=\"nofollow noopener\" target=\"_blank\">Kvinna ihj\u00e4lbiten av flickv\u00e4nnens hund<\/a><strong>L\u00c4S MER: <\/strong><a href=\"https:\/\/www.expressen.se\/nyheter\/sverige\/karrholm-efter-hundattacken-behover-forbjudas\/\" class=\"\" rel=\"nofollow noopener\" target=\"_blank\">K\u00e4rrholm efter hundattacken: \u201dBeh\u00f6ver f\u00f6rbjudas\u201d<\/a><strong>L\u00c4S MER: <\/strong><a href=\"https:\/\/www.expressen.se\/nyheter\/sverige\/ewelina-23-attackerades-av-hund-stammer-privat\/\" class=\"\" rel=\"nofollow noopener\" target=\"_blank\">Ewelina, 23, attackerades av hund \u2013 st\u00e4mmer privat<\/a><\/p>\n","protected":false},"excerpt":{"rendered":"Publicerad 11 jan 2026 kl 19.07Uppdaterad kl 21.50 Antonia, 44, attackerades av sin flickv\u00e4ns kamphund i samband med&hellip;\n","protected":false},"author":2,"featured_media":132634,"comment_status":"","ping_status":"","sticky":false,"template":"","format":"standard","meta":{"footnotes":""},"categories":[5],"tags":[22,23,26,27,17,21,24,25,239,28,29,15,16,18,34,154,31,33,32,30,19,1942,436,20],"class_list":{"0":"post-132633","1":"post","2":"type-post","3":"status-publish","4":"format-standard","5":"has-post-thumbnail","7":"category-rubriker","8":"tag-breaking-news","9":"tag-breakingnews","10":"tag-featured-news","11":"tag-featurednews","12":"tag-headlines","13":"tag-huvudnyheter","14":"tag-latest-news","15":"tag-latestnews","16":"tag-location-goteborg","17":"tag-main-news","18":"tag-mainnews","19":"tag-news","20":"tag-nyheter","21":"tag-rubriker","22":"tag-se","23":"tag-sections-sverige","24":"tag-svenska","25":"tag-sverige","26":"tag-sweden","27":"tag-swedish","28":"tag-top-stories","29":"tag-topic-lagar","30":"tag-topic-valdsbrott-mord","31":"tag-topstories"},"share_on_mastodon":{"url":"https:\/\/pubeurope.com\/@se\/115878474701740642","error":""},"_links":{"self":[{"href":"https:\/\/www.europesays.com\/se\/wp-json\/wp\/v2\/posts\/132633","targetHints":{"allow":["GET"]}}],"collection":[{"href":"https:\/\/www.europesays.com\/se\/wp-json\/wp\/v2\/posts"}],"about":[{"href":"https:\/\/www.europesays.com\/se\/wp-json\/wp\/v2\/types\/post"}],"author":[{"embeddable":true,"href":"https:\/\/www.europesays.com\/se\/wp-json\/wp\/v2\/users\/2"}],"replies":[{"embeddable":true,"href":"https:\/\/www.europesays.com\/se\/wp-json\/wp\/v2\/comments?post=132633"}],"version-history":[{"count":0,"href":"https:\/\/www.europesays.com\/se\/wp-json\/wp\/v2\/posts\/132633\/revisions"}],"wp:featuredmedia":[{"embeddable":true,"href":"https:\/\/www.europesays.com\/se\/wp-json\/wp\/v2\/media\/132634"}],"wp:attachment":[{"href":"https:\/\/www.europesays.com\/se\/wp-json\/wp\/v2\/media?parent=132633"}],"wp:term":[{"taxonomy":"category","embeddable":true,"href":"https:\/\/www.europesays.com\/se\/wp-json\/wp\/v2\/categories?post=132633"},{"taxonomy":"post_tag","embeddable":true,"href":"https:\/\/www.europesays.com\/se\/wp-json\/wp\/v2\/tags?post=132633"}],"curies":[{"name":"wp","href":"https:\/\/api.w.org\/{rel}","templated":true}]}}