{"id":132637,"date":"2026-01-11T21:06:15","date_gmt":"2026-01-11T21:06:15","guid":{"rendered":"https:\/\/www.europesays.com\/se\/132637\/"},"modified":"2026-01-11T21:06:15","modified_gmt":"2026-01-11T21:06:15","slug":"just-nu-attackerar-tre-oljeplattformar-direkttraffar-marcus-oscarsson","status":"publish","type":"post","link":"https:\/\/www.europesays.com\/se\/132637\/","title":{"rendered":"JUST NU: Attackerar tre oljeplattformar \u2013 \u201ddirekttr\u00e4ffar\u201d &#8211; Marcus Oscarsson"},"content":{"rendered":"<ol>\n<li><a href=\"https:\/\/news.google.com\/rss\/articles\/CBMihwFBVV95cUxNUUNkV0cwQ2ZPNjJyemJ6eE44NEhDSFZxcnlXbkZteW9haEFJeGxiZmV2dklKRXRoNVBLbVNGWHF0bk5UdzZUS3gwenhERVhqYXcxN1JtekhINXZrWlpzbnRLeEl1NEI4WkdxNEMxREhtYjdnZHRkX25rRjk0cWpfOXYyYlhmNGc?oc=5\" target=\"_blank\" rel=\"nofollow noopener\">JUST NU: Attackerar tre oljeplattformar \u2013 \u201ddirekttr\u00e4ffar\u201d<\/a>&nbsp;&nbsp;Marcus Oscarsson<\/li>\n<li><a href=\"https:\/\/news.google.com\/rss\/articles\/CBMikAFBVV95cUxOUXJGTGdfdVRzVUdNdHhXeFdpUnNWaEt0b0Y4eWRJeHF4d3g4cWRMUTNrWGxOTTRaZ2U0cnYyOEQwSHpvQnU3dUwtdkhyWm12UzNWdUxDTWluc3pkcF8xUGNleHJlb3VoMHBfdzN4ZTZLcjR2RFlNQVZ6RDNyMy1IUVBEdk5vNFd0UTNGVGxhWXo?oc=5\" target=\"_blank\" rel=\"nofollow noopener\">Rysk oljedep\u00e5 i brand efter ukrainsk attack<\/a>&nbsp;&nbsp;Aftonbladet<\/li>\n<li><a href=\"https:\/\/news.google.com\/rss\/articles\/CBMijgFBVV95cUxQWFNWampTTHlFSTY1clNJU1NzM1FZOGpybWJOMFR4bzNrMExtazV1ems1TFZwaER5WkpfNGJiNnMwTDNDOHFDVGhTMGk3S0Y5V0kwVFByeHJUY1h1WVJ6dWJaLS1OQXFtSTU1YUtrbkJpZW5GeHMwTFQxbk12QS1keHdGWjROQUVOdlFMWHFR?oc=5\" target=\"_blank\" rel=\"nofollow noopener\">Butiksinbrott i centrala Nybro i natt<\/a>&nbsp;&nbsp;Barometern-OT<\/li>\n<li><a href=\"https:\/\/news.google.com\/rss\/articles\/CBMilwFBVV95cUxOcVI4TF81ME5BRmpObDlSQ2l1TFZ3UTNOVnEySkJKTm43YWxQVnI4b1NyV3ZjS25zN196dmNxcVhZQklpbmR2alFTal9HZ2cyU0ppbGRZNHg5Q24yb2owSUZMeE4ycDBhYzRkVF81SS1xNkFVTTNpa0U0YkRlTXVOOXJOeVF0dkZydEpRVHhJZEwtNXQ3UXV3?oc=5\" target=\"_blank\" rel=\"nofollow noopener\">Expressen har problem med e-tidningen<\/a>&nbsp;&nbsp;Expressen<\/li>\n<li><a href=\"https:\/\/news.google.com\/rss\/articles\/CBMifkFVX3lxTE1NUFNVanZOUUxoMW9QX3h4QjZQWVBfdmM4cVZjb3VYRDdlZFJVUkNfSlZ1MkZEWS1oQWtjZlQ0aEdmcHNzbUxBUHVWLWRyQU5XMlFabTlwbjdwSm82VUdTTTZIMHl3azE5MWRnbzI5TUhod1A2UzJ5NW1SeVRIdw?oc=5\" target=\"_blank\" rel=\"nofollow noopener\">Rysk oljedep\u00e5 st\u00e5r i l\u00e5gor efter ukrainsk attack<\/a>&nbsp;&nbsp;Omni<\/li>\n<\/ol>\n","protected":false},"excerpt":{"rendered":"JUST NU: Attackerar tre oljeplattformar \u2013 \u201ddirekttr\u00e4ffar\u201d&nbsp;&nbsp;Marcus Oscarsson Rysk oljedep\u00e5 i brand efter ukrainsk attack&nbsp;&nbsp;Aftonbladet Butiksinbrott i centrala&hellip;\n","protected":false},"author":2,"featured_media":132638,"comment_status":"","ping_status":"","sticky":false,"template":"","format":"standard","meta":{"footnotes":""},"categories":[5],"tags":[22,23,26,27,17,21,24,25,28,29,15,16,18,34,31,33,32,30,19,20],"class_list":{"0":"post-132637","1":"post","2":"type-post","3":"status-publish","4":"format-standard","5":"has-post-thumbnail","7":"category-rubriker","8":"tag-breaking-news","9":"tag-breakingnews","10":"tag-featured-news","11":"tag-featurednews","12":"tag-headlines","13":"tag-huvudnyheter","14":"tag-latest-news","15":"tag-latestnews","16":"tag-main-news","17":"tag-mainnews","18":"tag-news","19":"tag-nyheter","20":"tag-rubriker","21":"tag-se","22":"tag-svenska","23":"tag-sverige","24":"tag-sweden","25":"tag-swedish","26":"tag-top-stories","27":"tag-topstories"},"share_on_mastodon":{"url":"https:\/\/pubeurope.com\/@se\/115878506164476200","error":""},"_links":{"self":[{"href":"https:\/\/www.europesays.com\/se\/wp-json\/wp\/v2\/posts\/132637","targetHints":{"allow":["GET"]}}],"collection":[{"href":"https:\/\/www.europesays.com\/se\/wp-json\/wp\/v2\/posts"}],"about":[{"href":"https:\/\/www.europesays.com\/se\/wp-json\/wp\/v2\/types\/post"}],"author":[{"embeddable":true,"href":"https:\/\/www.europesays.com\/se\/wp-json\/wp\/v2\/users\/2"}],"replies":[{"embeddable":true,"href":"https:\/\/www.europesays.com\/se\/wp-json\/wp\/v2\/comments?post=132637"}],"version-history":[{"count":0,"href":"https:\/\/www.europesays.com\/se\/wp-json\/wp\/v2\/posts\/132637\/revisions"}],"wp:featuredmedia":[{"embeddable":true,"href":"https:\/\/www.europesays.com\/se\/wp-json\/wp\/v2\/media\/132638"}],"wp:attachment":[{"href":"https:\/\/www.europesays.com\/se\/wp-json\/wp\/v2\/media?parent=132637"}],"wp:term":[{"taxonomy":"category","embeddable":true,"href":"https:\/\/www.europesays.com\/se\/wp-json\/wp\/v2\/categories?post=132637"},{"taxonomy":"post_tag","embeddable":true,"href":"https:\/\/www.europesays.com\/se\/wp-json\/wp\/v2\/tags?post=132637"}],"curies":[{"name":"wp","href":"https:\/\/api.w.org\/{rel}","templated":true}]}}