{"id":132641,"date":"2026-01-11T21:12:09","date_gmt":"2026-01-11T21:12:09","guid":{"rendered":"https:\/\/www.europesays.com\/se\/132641\/"},"modified":"2026-01-11T21:12:09","modified_gmt":"2026-01-11T21:12:09","slug":"britter-utvecklar-robot-for-ukraina","status":"publish","type":"post","link":"https:\/\/www.europesays.com\/se\/132641\/","title":{"rendered":"Britter utvecklar robot f\u00f6r Ukraina"},"content":{"rendered":"<p>Storbritannien ska utveckla en ny ballistisk robot med mer \u00e4n 50 mils r\u00e4ckvidd f\u00f6r Ukrainas f\u00f6rsvar. Det meddelar den brittiska regeringen. <\/p>\n<p>Projektet, Nightfall, \u00e4r utformat som en t\u00e4vling mellan tre industrigrupper som f\u00e5r 9 miljoner pund (111 miljoner kr) var och ett \u00e5rs utvecklingstid. <\/p>\n<p>Robotarna ska kunna b\u00e4ra 200 kilos stridsspetsar och kosta h\u00f6gst 800\u00a0000 pund (9,9 miljoner kr) per styck. <\/p>\n<p>Nightfall syftar ocks\u00e5 till att st\u00e4rka den brittiska f\u00f6rsvarsindustrin, skriver regeringen i ett pressmeddelande.<\/p>\n","protected":false},"excerpt":{"rendered":"Storbritannien ska utveckla en ny ballistisk robot med mer \u00e4n 50 mils r\u00e4ckvidd f\u00f6r Ukrainas f\u00f6rsvar. Det meddelar&hellip;\n","protected":false},"author":2,"featured_media":793,"comment_status":"","ping_status":"","sticky":false,"template":"","format":"standard","meta":{"footnotes":""},"categories":[14],"tags":[22,23,26,27,17,21,24,25,28,29,15,16,18,34,31,33,32,30,19,20,51,52,53,54],"class_list":{"0":"post-132641","1":"post","2":"type-post","3":"status-publish","4":"format-standard","5":"has-post-thumbnail","7":"category-varlden","8":"tag-breaking-news","9":"tag-breakingnews","10":"tag-featured-news","11":"tag-featurednews","12":"tag-headlines","13":"tag-huvudnyheter","14":"tag-latest-news","15":"tag-latestnews","16":"tag-main-news","17":"tag-mainnews","18":"tag-news","19":"tag-nyheter","20":"tag-rubriker","21":"tag-se","22":"tag-svenska","23":"tag-sverige","24":"tag-sweden","25":"tag-swedish","26":"tag-top-stories","27":"tag-topstories","28":"tag-varlden","29":"tag-world","30":"tag-world-news","31":"tag-worldnews"},"share_on_mastodon":{"url":"https:\/\/pubeurope.com\/@se\/115878529861511520","error":""},"_links":{"self":[{"href":"https:\/\/www.europesays.com\/se\/wp-json\/wp\/v2\/posts\/132641","targetHints":{"allow":["GET"]}}],"collection":[{"href":"https:\/\/www.europesays.com\/se\/wp-json\/wp\/v2\/posts"}],"about":[{"href":"https:\/\/www.europesays.com\/se\/wp-json\/wp\/v2\/types\/post"}],"author":[{"embeddable":true,"href":"https:\/\/www.europesays.com\/se\/wp-json\/wp\/v2\/users\/2"}],"replies":[{"embeddable":true,"href":"https:\/\/www.europesays.com\/se\/wp-json\/wp\/v2\/comments?post=132641"}],"version-history":[{"count":0,"href":"https:\/\/www.europesays.com\/se\/wp-json\/wp\/v2\/posts\/132641\/revisions"}],"wp:featuredmedia":[{"embeddable":true,"href":"https:\/\/www.europesays.com\/se\/wp-json\/wp\/v2\/media\/793"}],"wp:attachment":[{"href":"https:\/\/www.europesays.com\/se\/wp-json\/wp\/v2\/media?parent=132641"}],"wp:term":[{"taxonomy":"category","embeddable":true,"href":"https:\/\/www.europesays.com\/se\/wp-json\/wp\/v2\/categories?post=132641"},{"taxonomy":"post_tag","embeddable":true,"href":"https:\/\/www.europesays.com\/se\/wp-json\/wp\/v2\/tags?post=132641"}],"curies":[{"name":"wp","href":"https:\/\/api.w.org\/{rel}","templated":true}]}}